{"id":93636,"date":"2021-02-21T19:28:44","date_gmt":"2021-02-21T22:28:44","guid":{"rendered":"http:\/\/www.locoxelrojo.com\/independiente\/?p=93636"},"modified":"2021-02-21T19:28:44","modified_gmt":"2021-02-21T22:28:44","slug":"se-lo-perdio","status":"publish","type":"post","link":"https:\/\/www.locoxelrojo.com\/independiente\/2021\/02\/21\/se-lo-perdio\/","title":{"rendered":"Se lo perdi\u00f3"},"content":{"rendered":"<p><strong>Alan Velasco<\/strong> <strong>fue desafectado por el cuerpo t\u00e9cnico, producto de una molestia que le surgi\u00f3 ayer<\/strong>. La Joya no pudo ir ni siquiera al banco de suplentes en el partido ante Patronato.<\/p>\n<p>Al mismo tiempo que se hizo oficial los once de Independiente que iban a disputar el encuentro correspondiente a la segunda fecha de la Copa de la Liga, <strong>el club public\u00f3 el parte m\u00e9dico en torno al atacante de 18 a\u00f1os<\/strong>.<\/p>\n<p><strong>&#8220;Producto de una mialgia de la uni\u00f3n m\u00fasculo-tendinosa del tr\u00edceps sural izquierdo, queda desafectado para el partido de hoy&#8221;<\/strong>, informaron sobre el estado de Velasco.<\/p>\n<blockquote class=\"twitter-tweet\">\n<p dir=\"ltr\" lang=\"es\">&#x1f4cc; Parte m\u00e9dico &#8211; Alan Velasco<\/p>\n<p>Producto de una mialgia de la uni\u00f3n m\u00fasculo-tendinosa del tr\u00edceps sural izquierdo, queda desafectado para el partido de hoy.<\/p>\n<p>\u2014 C. A. Independiente (@Independiente) <a href=\"https:\/\/twitter.com\/Independiente\/status\/1363599766840627200?ref_src=twsrc%5Etfw\">February 21, 2021<\/a><\/p><\/blockquote>\n<p><script async src=\"https:\/\/platform.twitter.com\/widgets.js\" charset=\"utf-8\"><\/script><\/p>\n<p>Sin el jugador m\u00e1s destacado del plantel, <strong>Julio C\u00e9sar Falcioni puso en cancha a Jonathan Men\u00e9ndez y debido a ello se vio obligado a cambiar el esquema<\/strong>. Pas\u00f3 del enganche y dos puntas a dos extremos y un centrodelantero.<\/p>\n","protected":false},"excerpt":{"rendered":"<p>Alan Velasco fue desafectado por el cuerpo t\u00e9cnico, producto de una molestia que le surgi\u00f3 ayer. La Joya no pudo ir ni siquiera al banco de suplentes en el partido ante Patronato. Al mismo tiempo que se hizo oficial los once de Independiente que iban a disputar el encuentro correspondiente a la segunda fecha de [&hellip;]<\/p>\n","protected":false},"author":19,"featured_media":92320,"comment_status":"open","ping_status":"closed","sticky":false,"template":"","format":"standard","meta":{"_links_to":"","_links_to_target":""},"categories":[3247,3],"tags":[3560,153,4784,2461],"_links":{"self":[{"href":"https:\/\/www.locoxelrojo.com\/independiente\/wp-json\/wp\/v2\/posts\/93636"}],"collection":[{"href":"https:\/\/www.locoxelrojo.com\/independiente\/wp-json\/wp\/v2\/posts"}],"about":[{"href":"https:\/\/www.locoxelrojo.com\/independiente\/wp-json\/wp\/v2\/types\/post"}],"author":[{"embeddable":true,"href":"https:\/\/www.locoxelrojo.com\/independiente\/wp-json\/wp\/v2\/users\/19"}],"replies":[{"embeddable":true,"href":"https:\/\/www.locoxelrojo.com\/independiente\/wp-json\/wp\/v2\/comments?post=93636"}],"version-history":[{"count":2,"href":"https:\/\/www.locoxelrojo.com\/independiente\/wp-json\/wp\/v2\/posts\/93636\/revisions"}],"predecessor-version":[{"id":93638,"href":"https:\/\/www.locoxelrojo.com\/independiente\/wp-json\/wp\/v2\/posts\/93636\/revisions\/93638"}],"wp:featuredmedia":[{"embeddable":true,"href":"https:\/\/www.locoxelrojo.com\/independiente\/wp-json\/wp\/v2\/media\/92320"}],"wp:attachment":[{"href":"https:\/\/www.locoxelrojo.com\/independiente\/wp-json\/wp\/v2\/media?parent=93636"}],"wp:term":[{"taxonomy":"category","embeddable":true,"href":"https:\/\/www.locoxelrojo.com\/independiente\/wp-json\/wp\/v2\/categories?post=93636"},{"taxonomy":"post_tag","embeddable":true,"href":"https:\/\/www.locoxelrojo.com\/independiente\/wp-json\/wp\/v2\/tags?post=93636"}],"curies":[{"name":"wp","href":"https:\/\/api.w.org\/{rel}","templated":true}]}}