{"id":93748,"date":"2021-02-25T15:07:44","date_gmt":"2021-02-25T18:07:44","guid":{"rendered":"http:\/\/www.locoxelrojo.com\/independiente\/?p=93748"},"modified":"2021-02-25T15:07:44","modified_gmt":"2021-02-25T18:07:44","slug":"arriesga-a-la-joya","status":"publish","type":"post","link":"https:\/\/www.locoxelrojo.com\/independiente\/2021\/02\/25\/arriesga-a-la-joya\/","title":{"rendered":"\u00bfArriesga a la Joya?"},"content":{"rendered":"<p><strong>Alan Velasco est\u00e1 entre algodones para jugar frente a Gimnasia.<\/strong> En conferencia de prensa, Julio C\u00e9sar Falcioni se refiri\u00f3 a la evoluci\u00f3n del jugador.<\/p>\n<p>En la pr\u00e1ctica de esta ma\u00f1ana el DT aprovech\u00f3 para hacer un poco de f\u00fatbol. <a href=\"https:\/\/www.locoxelrojo.com\/independiente\/2021\/02\/25\/asoma-un-equipo-para-recibir-a-gimnasia\/\">En el once inicial no estuvo presente Velasco<\/a>, quien padece un edema por sobrecarga al nivel del m\u00fasculo soleo. Esta lesi\u00f3n ya lo margin\u00f3 del encuentro con Patronato, <strong>pero la idea del cuerpo t\u00e9cnico es aguardar hasta \u00faltimo momento para saber si puede contarlo frente al Lobo. En el entrenamiento de hoy, jug\u00f3 apenas unos minutos y, por suerte, no sinti\u00f3 molestias.<\/strong><\/p>\n<p>\u00bfPero qu\u00e9 har\u00e1 Falcioni, lo arriesga o no? <strong>&#8220;Est\u00e1 mejor y va a concentrar. Ma\u00f1ana decidiremos si estar\u00e1 o no en el banco. Estuvo toda la semana con cuidados y trabajando en kinesiolog\u00eda, pero no siente molestias y est\u00e1 bien&#8221;<\/strong>, explic\u00f3 el DT sobre el estado de la Joya. Y agreg\u00f3: <strong>&#8220;Parar el fin de semana le hizo bien para no perderlo por m\u00e1s tiempo&#8221;<\/strong>.<\/p>\n","protected":false},"excerpt":{"rendered":"<p>Alan Velasco est\u00e1 entre algodones para jugar frente a Gimnasia. En conferencia de prensa, Julio C\u00e9sar Falcioni se refiri\u00f3 a la evoluci\u00f3n del jugador. En la pr\u00e1ctica de esta ma\u00f1ana el DT aprovech\u00f3 para hacer un poco de f\u00fatbol. En el once inicial no estuvo presente Velasco, quien padece un edema por sobrecarga al nivel [&hellip;]<\/p>\n","protected":false},"author":1,"featured_media":93749,"comment_status":"open","ping_status":"closed","sticky":false,"template":"","format":"standard","meta":{"_links_to":"","_links_to_target":""},"categories":[3247,3],"tags":[3560,153,385],"_links":{"self":[{"href":"https:\/\/www.locoxelrojo.com\/independiente\/wp-json\/wp\/v2\/posts\/93748"}],"collection":[{"href":"https:\/\/www.locoxelrojo.com\/independiente\/wp-json\/wp\/v2\/posts"}],"about":[{"href":"https:\/\/www.locoxelrojo.com\/independiente\/wp-json\/wp\/v2\/types\/post"}],"author":[{"embeddable":true,"href":"https:\/\/www.locoxelrojo.com\/independiente\/wp-json\/wp\/v2\/users\/1"}],"replies":[{"embeddable":true,"href":"https:\/\/www.locoxelrojo.com\/independiente\/wp-json\/wp\/v2\/comments?post=93748"}],"version-history":[{"count":1,"href":"https:\/\/www.locoxelrojo.com\/independiente\/wp-json\/wp\/v2\/posts\/93748\/revisions"}],"predecessor-version":[{"id":93750,"href":"https:\/\/www.locoxelrojo.com\/independiente\/wp-json\/wp\/v2\/posts\/93748\/revisions\/93750"}],"wp:featuredmedia":[{"embeddable":true,"href":"https:\/\/www.locoxelrojo.com\/independiente\/wp-json\/wp\/v2\/media\/93749"}],"wp:attachment":[{"href":"https:\/\/www.locoxelrojo.com\/independiente\/wp-json\/wp\/v2\/media?parent=93748"}],"wp:term":[{"taxonomy":"category","embeddable":true,"href":"https:\/\/www.locoxelrojo.com\/independiente\/wp-json\/wp\/v2\/categories?post=93748"},{"taxonomy":"post_tag","embeddable":true,"href":"https:\/\/www.locoxelrojo.com\/independiente\/wp-json\/wp\/v2\/tags?post=93748"}],"curies":[{"name":"wp","href":"https:\/\/api.w.org\/{rel}","templated":true}]}}