{"id":93873,"date":"2021-03-01T16:01:14","date_gmt":"2021-03-01T19:01:14","guid":{"rendered":"http:\/\/www.locoxelrojo.com\/independiente\/?p=93873"},"modified":"2021-03-01T16:01:14","modified_gmt":"2021-03-01T19:01:14","slug":"se-desgarro","status":"publish","type":"post","link":"https:\/\/www.locoxelrojo.com\/independiente\/2021\/03\/01\/se-desgarro\/","title":{"rendered":"Se desgarr\u00f3"},"content":{"rendered":"<p>El cuerpo m\u00e9dico de Independiente confirm\u00f3 este lunes una mala noticia para Julio C\u00e9sar Falcioni. <strong>Se trata del desgarro de Pablo Hern\u00e1ndez<\/strong>, quien el pasado fin de semana jug\u00f3 solo un tiempo contra Gimnasia.<\/p>\n<p>De acuerdo al comunicado que emiti\u00f3 el club hace instantes, <strong>el experimentado mediocampista de 34 a\u00f1os padece una lesi\u00f3n fibrilar de 4 mil\u00edmetros en el b\u00edceps femoral<\/strong>.<\/p>\n<p><a href=\"https:\/\/www.locoxelrojo.com\/independiente\/2020\/10\/29\/y-un-dia-volvio-el-tucu\/\">El Tucu regres\u00f3 a jugar el a\u00f1o pasado tras reponerse de la rotura del ligamento cruzado anterior de su rodilla izquierda<\/a>. Si bien su lesi\u00f3n hab\u00eda sido en su mejor momento en el Rojo, nunca pudo volver a ese nivel.<\/p>\n<p>De hecho sus \u00faltimos rendimientos pusieron en duda su continuidad en el once inicial para el partido contra Newell&#8217;s. <strong>Lo cierto es que ahora no solo se perder\u00e1 el partido contra le Lepra sino que tambi\u00e9n estar\u00e1 afuera, como m\u00ednimo, <a href=\"https:\/\/www.locoxelrojo.com\/independiente\/2021\/02\/26\/la-copa-argentina-cambio-de-fecha-y-ya-tiene-hora\/\">del duelo ante Villa Mitre por Copa Argentina<\/a><\/strong>.<\/p>\n<p><iframe loading=\"lazy\" src=\"https:\/\/www.youtube.com\/embed\/hKlMCV87FZE\" width=\"560\" height=\"315\" frameborder=\"0\" allowfullscreen=\"allowfullscreen\"><\/iframe><\/p>\n","protected":false},"excerpt":{"rendered":"<p>El cuerpo m\u00e9dico de Independiente confirm\u00f3 este lunes una mala noticia para Julio C\u00e9sar Falcioni. Se trata del desgarro de Pablo Hern\u00e1ndez, quien el pasado fin de semana jug\u00f3 solo un tiempo contra Gimnasia. De acuerdo al comunicado que emiti\u00f3 el club hace instantes, el experimentado mediocampista de 34 a\u00f1os padece una lesi\u00f3n fibrilar de [&hellip;]<\/p>\n","protected":false},"author":19,"featured_media":92122,"comment_status":"open","ping_status":"closed","sticky":false,"template":"","format":"standard","meta":{"_links_to":"","_links_to_target":""},"categories":[3247,3],"tags":[153,2106],"_links":{"self":[{"href":"https:\/\/www.locoxelrojo.com\/independiente\/wp-json\/wp\/v2\/posts\/93873"}],"collection":[{"href":"https:\/\/www.locoxelrojo.com\/independiente\/wp-json\/wp\/v2\/posts"}],"about":[{"href":"https:\/\/www.locoxelrojo.com\/independiente\/wp-json\/wp\/v2\/types\/post"}],"author":[{"embeddable":true,"href":"https:\/\/www.locoxelrojo.com\/independiente\/wp-json\/wp\/v2\/users\/19"}],"replies":[{"embeddable":true,"href":"https:\/\/www.locoxelrojo.com\/independiente\/wp-json\/wp\/v2\/comments?post=93873"}],"version-history":[{"count":1,"href":"https:\/\/www.locoxelrojo.com\/independiente\/wp-json\/wp\/v2\/posts\/93873\/revisions"}],"predecessor-version":[{"id":93876,"href":"https:\/\/www.locoxelrojo.com\/independiente\/wp-json\/wp\/v2\/posts\/93873\/revisions\/93876"}],"wp:featuredmedia":[{"embeddable":true,"href":"https:\/\/www.locoxelrojo.com\/independiente\/wp-json\/wp\/v2\/media\/92122"}],"wp:attachment":[{"href":"https:\/\/www.locoxelrojo.com\/independiente\/wp-json\/wp\/v2\/media?parent=93873"}],"wp:term":[{"taxonomy":"category","embeddable":true,"href":"https:\/\/www.locoxelrojo.com\/independiente\/wp-json\/wp\/v2\/categories?post=93873"},{"taxonomy":"post_tag","embeddable":true,"href":"https:\/\/www.locoxelrojo.com\/independiente\/wp-json\/wp\/v2\/tags?post=93873"}],"curies":[{"name":"wp","href":"https:\/\/api.w.org\/{rel}","templated":true}]}}