{"id":9395,"date":"2011-07-09T11:00:18","date_gmt":"2011-07-09T14:00:18","guid":{"rendered":"http:\/\/www.locoxelrojo.com.ar\/independiente\/?p=9395"},"modified":"2011-07-10T04:09:21","modified_gmt":"2011-07-10T07:09:21","slug":"velez-marco-podria-llegar-a-ser-el-nuevo-usuriaga","status":"publish","type":"post","link":"https:\/\/www.locoxelrojo.com\/independiente\/2011\/07\/09\/velez-marco-podria-llegar-a-ser-el-nuevo-usuriaga\/","title":{"rendered":"V\u00e9lez: &#8220;Marco podr\u00eda llegar a ser el nuevo Usuriaga&#8221;"},"content":{"rendered":"<p><a href=\"http:\/\/www.locoxelrojo.com.ar\/independiente\/wp-content\/uploads\/2011\/07\/ivan-velez-independiente.jpg\"><img loading=\"lazy\" class=\"alignnone size-full wp-image-9396\" title=\"ivan-velez-independiente\" src=\"http:\/\/www.locoxelrojo.com.ar\/independiente\/wp-content\/uploads\/2011\/07\/ivan-velez-independiente.jpg\" alt=\"\" width=\"590\" height=\"315\" srcset=\"https:\/\/locoxelrojo.com\/independiente\/wp-content\/uploads\/2011\/07\/ivan-velez-independiente.jpg 590w, https:\/\/locoxelrojo.com\/independiente\/wp-content\/uploads\/2011\/07\/ivan-velez-independiente-300x160.jpg 300w\" sizes=\"(max-width: 590px) 100vw, 590px\" \/><\/a><\/p>\n<p><strong>Iv\u00e1n V\u00e9lez<\/strong> dialog\u00f3 con el <strong>Diario Ol\u00e9<\/strong> y se mostr\u00f3 muy optimista por la llegada de un nuevo colombiano a la delantera de Independiente. <strong>&#8220;Marco podr\u00eda llegar a ser el nuevo Usuriaga. Estoy seguro de que va a dejar una muy buena imagen en la gente de Independiente. Es muy joven y no le va a pesar la camiseta porque tiene mucha personalidad&#8221;<\/strong>, destac\u00f3 en di\u00e1logo con Favio Verona.<\/p>\n<p>El diestro, al igual que Mohamed, agreg\u00f3 que a Independiente le faltaba un jugador de las caracter\u00edsticas que presenta P\u00e9rez. <strong>&#8220;Marco es un gran jugador, distinto a los delanteros que tenemos ahora en el plantel. El equipo estaba necesitando un punta que juegue por afuera. Su llegada es importante, nos va a venir bien porque va a ser un buen acompa\u00f1ante para Parra o N\u00fa\u00f1ez&#8221;<\/strong>, asegur\u00f3.<\/p>\n<p>Por \u00faltimo, cuando le preguntaron qu\u00e9 le puede dar de nuevo al equipo, V\u00e9lez afirm\u00f3 que<strong> &#8220;ya mostr\u00f3 sus habilidades en el f\u00fatbol argentino cuando jug\u00f3 en Gimnasia y seguramente va a hacer lo mismo o m\u00e1s en Independiente porque ha sumado bastante experiencia en Europa&#8221;<\/strong>. Adem\u00e1s, cont\u00f3 que <strong>&#8220;tiene la cabeza y la actitud necesarias para destacarse en un equipo. En Zaragoza no le fue muy bien, pero todav\u00eda tiene mucho futuro.&#8221;<\/strong><\/p>\n","protected":false},"excerpt":{"rendered":"<p>Iv\u00e1n V\u00e9lez dialog\u00f3 con el Diario Ol\u00e9 y se mostr\u00f3 muy optimista por la llegada de un nuevo colombiano a la delantera de Independiente. &#8220;Marco podr\u00eda llegar a ser el nuevo Usuriaga. Estoy seguro de que va a dejar una muy buena imagen en la gente de Independiente. Es muy joven y no le va [&hellip;]<\/p>\n","protected":false},"author":1,"featured_media":0,"comment_status":"open","ping_status":"open","sticky":false,"template":"","format":"standard","meta":{"_links_to":"","_links_to_target":""},"categories":[3,1],"tags":[115,153,412,547],"_links":{"self":[{"href":"https:\/\/www.locoxelrojo.com\/independiente\/wp-json\/wp\/v2\/posts\/9395"}],"collection":[{"href":"https:\/\/www.locoxelrojo.com\/independiente\/wp-json\/wp\/v2\/posts"}],"about":[{"href":"https:\/\/www.locoxelrojo.com\/independiente\/wp-json\/wp\/v2\/types\/post"}],"author":[{"embeddable":true,"href":"https:\/\/www.locoxelrojo.com\/independiente\/wp-json\/wp\/v2\/users\/1"}],"replies":[{"embeddable":true,"href":"https:\/\/www.locoxelrojo.com\/independiente\/wp-json\/wp\/v2\/comments?post=9395"}],"version-history":[{"count":0,"href":"https:\/\/www.locoxelrojo.com\/independiente\/wp-json\/wp\/v2\/posts\/9395\/revisions"}],"wp:attachment":[{"href":"https:\/\/www.locoxelrojo.com\/independiente\/wp-json\/wp\/v2\/media?parent=9395"}],"wp:term":[{"taxonomy":"category","embeddable":true,"href":"https:\/\/www.locoxelrojo.com\/independiente\/wp-json\/wp\/v2\/categories?post=9395"},{"taxonomy":"post_tag","embeddable":true,"href":"https:\/\/www.locoxelrojo.com\/independiente\/wp-json\/wp\/v2\/tags?post=9395"}],"curies":[{"name":"wp","href":"https:\/\/api.w.org\/{rel}","templated":true}]}}