{"id":93996,"date":"2021-03-05T20:00:02","date_gmt":"2021-03-05T23:00:02","guid":{"rendered":"http:\/\/www.locoxelrojo.com\/independiente\/?p=93996"},"modified":"2021-03-05T21:49:30","modified_gmt":"2021-03-06T00:49:30","slug":"palacios-el-equipo-hizo-un-partido-correcto","status":"publish","type":"post","link":"https:\/\/www.locoxelrojo.com\/independiente\/2021\/03\/05\/palacios-el-equipo-hizo-un-partido-correcto\/","title":{"rendered":"Palacios: &#8220;El equipo hizo un partido correcto&#8221;"},"content":{"rendered":"<p><strong>El tucumano<\/strong>, autor del primer gol de <a href=\"https:\/\/www.locoxelrojo.com\/independiente\/2021\/03\/05\/tres-al-hilo-3\/\">la victoria 2-1 ante Newell\u00b4s<\/a>, <strong>habl\u00f3 una vez finalizado el partido y dio sus sensaciones de un nuevo triunfo del Rojo.<\/strong><\/p>\n<p><strong>&#8220;El equipo hizo un partido correcto&#8221;<\/strong>, fueron las primeras palabras de Sebasti\u00e1n Palacios que agreg\u00f3: <strong>&#8220;Estamos todos unidos, venimos entrenando bien as\u00ed que eso se refleja adentro de la cancha&#8221;.<\/strong><\/p>\n<p>Luego, al ser consultado por lo que sinti\u00f3 al convertirle al que era su equipo hasta hace pocos meses, el delantero dijo:<strong> &#8220;Era un partido especial para m\u00ed, me toc\u00f3 jugar ac\u00e1 y me llev\u00e9 el cari\u00f1o de la gente. Pero ahora estoy con la camiseta de Independiente y quiero hacer lo mejor ac\u00e1&#8221;.<\/strong><\/p>\n<p>Por \u00faltimo, hablando de para qu\u00e9 est\u00e1 este Independiente, Palacios asegur\u00f3: <strong>&#8220;Vamos partido a partido, estamos creciendo como equipo. Creo que hay un buen grupo y vamos a trabajar d\u00eda a d\u00eda para seguir mejorando.&#8221;<\/strong><\/p>\n","protected":false},"excerpt":{"rendered":"<p>El tucumano, autor del primer gol de la victoria 2-1 ante Newell\u00b4s, habl\u00f3 una vez finalizado el partido y dio sus sensaciones de un nuevo triunfo del Rojo. &#8220;El equipo hizo un partido correcto&#8221;, fueron las primeras palabras de Sebasti\u00e1n Palacios que agreg\u00f3: &#8220;Estamos todos unidos, venimos entrenando bien as\u00ed que eso se refleja adentro [&hellip;]<\/p>\n","protected":false},"author":101017,"featured_media":94006,"comment_status":"open","ping_status":"closed","sticky":false,"template":"","format":"standard","meta":{"_links_to":"","_links_to_target":""},"categories":[3247,3],"tags":[153,4784,2831,3432],"_links":{"self":[{"href":"https:\/\/www.locoxelrojo.com\/independiente\/wp-json\/wp\/v2\/posts\/93996"}],"collection":[{"href":"https:\/\/www.locoxelrojo.com\/independiente\/wp-json\/wp\/v2\/posts"}],"about":[{"href":"https:\/\/www.locoxelrojo.com\/independiente\/wp-json\/wp\/v2\/types\/post"}],"author":[{"embeddable":true,"href":"https:\/\/www.locoxelrojo.com\/independiente\/wp-json\/wp\/v2\/users\/101017"}],"replies":[{"embeddable":true,"href":"https:\/\/www.locoxelrojo.com\/independiente\/wp-json\/wp\/v2\/comments?post=93996"}],"version-history":[{"count":2,"href":"https:\/\/www.locoxelrojo.com\/independiente\/wp-json\/wp\/v2\/posts\/93996\/revisions"}],"predecessor-version":[{"id":94007,"href":"https:\/\/www.locoxelrojo.com\/independiente\/wp-json\/wp\/v2\/posts\/93996\/revisions\/94007"}],"wp:featuredmedia":[{"embeddable":true,"href":"https:\/\/www.locoxelrojo.com\/independiente\/wp-json\/wp\/v2\/media\/94006"}],"wp:attachment":[{"href":"https:\/\/www.locoxelrojo.com\/independiente\/wp-json\/wp\/v2\/media?parent=93996"}],"wp:term":[{"taxonomy":"category","embeddable":true,"href":"https:\/\/www.locoxelrojo.com\/independiente\/wp-json\/wp\/v2\/categories?post=93996"},{"taxonomy":"post_tag","embeddable":true,"href":"https:\/\/www.locoxelrojo.com\/independiente\/wp-json\/wp\/v2\/tags?post=93996"}],"curies":[{"name":"wp","href":"https:\/\/api.w.org\/{rel}","templated":true}]}}