{"id":94058,"date":"2021-03-08T08:00:43","date_gmt":"2021-03-08T11:00:43","guid":{"rendered":"http:\/\/www.locoxelrojo.com\/independiente\/?p=94058"},"modified":"2021-03-07T23:09:03","modified_gmt":"2021-03-08T02:09:03","slug":"titular-o-alternativo","status":"publish","type":"post","link":"https:\/\/www.locoxelrojo.com\/independiente\/2021\/03\/08\/titular-o-alternativo\/","title":{"rendered":"\u00bfTitular o alternativo?"},"content":{"rendered":"<p><strong>Julio Falcioni<\/strong> deber\u00e1 decidir en estos d\u00edas qu\u00e9 jugadores usar\u00e1 para el encuentro ante Villa Mitre de Bah\u00eda Blanca por Copa Argentina. <strong>\u00bfApelar\u00e1 a un equipo similar al que le gan\u00f3 a Newell&#8217;s o meter\u00e1 cambios?<\/strong><\/p>\n<p>Luego de los tres triunfos consecutivos por el torneo local, que lo dej\u00f3 como uno de los punteros de la Zona 2, el Rojo buscar\u00e1 hilvanar una nueva victoria. <strong>El mi\u00e9rcoles, desde las 21:30, debutar\u00e1 en Mar del Plata en el certamen que incluye a todos los equipos del pa\u00eds<\/strong>.<\/p>\n<p><a href=\"https:\/\/www.locoxelrojo.com\/independiente\/2021\/03\/07\/volvieron-a-villa-dominico-con-un-recuperado\/\">El t\u00e9cnico de Independiente recuper\u00f3 ayer a Alan So\u00f1ora<\/a> y, am\u00e9n de los jugadores que transitan sus etapas de recuperaci\u00f3n, <strong>el Emperador tiene al resto del plantel a disposici\u00f3n salvo a Alan Velasco, que no estar\u00e1 por Covid<\/strong>.<\/p>\n<p>Sabiendo que hay cinco d\u00edas de descanso entre los partidos de Newell&#8217;s y Villa Mitre y otros cinco d\u00edas hasta el partido contra Sarmiento en Avellaneda, <strong>\u00bfoptar\u00edan por el equipo titular o por uno alternativo para el debut de la Copa Argentina?<\/strong><\/p>\n<p><iframe loading=\"lazy\" style=\"border: none; overflow: hidden;\" src=\"https:\/\/www.facebook.com\/plugins\/post.php?href=https%3A%2F%2Fwww.facebook.com%2FLocoXelRojoWeb%2Fposts%2F264668725232852&amp;width=500\" width=\"500\" height=\"684\" frameborder=\"0\" scrolling=\"no\" allowfullscreen=\"allowfullscreen\"><\/iframe><\/p>\n","protected":false},"excerpt":{"rendered":"<p>Julio Falcioni deber\u00e1 decidir en estos d\u00edas qu\u00e9 jugadores usar\u00e1 para el encuentro ante Villa Mitre de Bah\u00eda Blanca por Copa Argentina. \u00bfApelar\u00e1 a un equipo similar al que le gan\u00f3 a Newell&#8217;s o meter\u00e1 cambios? Luego de los tres triunfos consecutivos por el torneo local, que lo dej\u00f3 como uno de los punteros de [&hellip;]<\/p>\n","protected":false},"author":19,"featured_media":93588,"comment_status":"open","ping_status":"closed","sticky":false,"template":"","format":"standard","meta":{"_links_to":"","_links_to_target":""},"categories":[3339,3247],"tags":[153,3273,4808,2300,4481],"_links":{"self":[{"href":"https:\/\/www.locoxelrojo.com\/independiente\/wp-json\/wp\/v2\/posts\/94058"}],"collection":[{"href":"https:\/\/www.locoxelrojo.com\/independiente\/wp-json\/wp\/v2\/posts"}],"about":[{"href":"https:\/\/www.locoxelrojo.com\/independiente\/wp-json\/wp\/v2\/types\/post"}],"author":[{"embeddable":true,"href":"https:\/\/www.locoxelrojo.com\/independiente\/wp-json\/wp\/v2\/users\/19"}],"replies":[{"embeddable":true,"href":"https:\/\/www.locoxelrojo.com\/independiente\/wp-json\/wp\/v2\/comments?post=94058"}],"version-history":[{"count":1,"href":"https:\/\/www.locoxelrojo.com\/independiente\/wp-json\/wp\/v2\/posts\/94058\/revisions"}],"predecessor-version":[{"id":94059,"href":"https:\/\/www.locoxelrojo.com\/independiente\/wp-json\/wp\/v2\/posts\/94058\/revisions\/94059"}],"wp:featuredmedia":[{"embeddable":true,"href":"https:\/\/www.locoxelrojo.com\/independiente\/wp-json\/wp\/v2\/media\/93588"}],"wp:attachment":[{"href":"https:\/\/www.locoxelrojo.com\/independiente\/wp-json\/wp\/v2\/media?parent=94058"}],"wp:term":[{"taxonomy":"category","embeddable":true,"href":"https:\/\/www.locoxelrojo.com\/independiente\/wp-json\/wp\/v2\/categories?post=94058"},{"taxonomy":"post_tag","embeddable":true,"href":"https:\/\/www.locoxelrojo.com\/independiente\/wp-json\/wp\/v2\/tags?post=94058"}],"curies":[{"name":"wp","href":"https:\/\/api.w.org\/{rel}","templated":true}]}}