{"id":94074,"date":"2021-03-08T13:20:18","date_gmt":"2021-03-08T16:20:18","guid":{"rendered":"http:\/\/www.locoxelrojo.com\/independiente\/?p=94074"},"modified":"2021-03-08T13:20:58","modified_gmt":"2021-03-08T16:20:58","slug":"preparando-el-equipo-para-la-copa-argentina","status":"publish","type":"post","link":"https:\/\/www.locoxelrojo.com\/independiente\/2021\/03\/08\/preparando-el-equipo-para-la-copa-argentina\/","title":{"rendered":"Preparando el equipo para la Copa Argentina"},"content":{"rendered":"<p>Independiente volvi\u00f3 a entrenarse en el predio de Villa Dom\u00ednico con una sonrisa por la seguidilla de victorias y<strong> ya palpitando el partido por Copa Argentina, <a href=\"https:\/\/www.locoxelrojo.com\/independiente\/2021\/03\/08\/titular-o-alternativo\/\">donde el entrenador planea poner mayor\u00eda de titulares.<\/a><\/strong><\/p>\n<p>El cuerpo t\u00e9cnico comandado por Julio C\u00e9sar Falcioni dispuso un <strong>circuito f\u00edsico para comenzar la jornada y luego los futbolistas agarraron la pelota e hicieron algunos trabajos t\u00e1cticos y terminaron con trabajos en espacios reducidos.<\/strong><\/p>\n<p><strong>De manera diferenciada estuvieron Pablo Hern\u00e1ndez, Ezequiel Mu\u00f1oz y Carlos Benavidez,<\/strong> que contin\u00faan con sus procesos de recuperaci\u00f3n de sus respectivas lesiones y molestias.<\/p>\n<p><strong>La agenda marca que ma\u00f1ana (martes) volver\u00e1n a entrenar a las 9:00hs y al mediod\u00eda emprender\u00e1n el viaje en micro a Mar del Plata,<\/strong> donde se hospedar\u00e1n en el hotel NH Provincial hasta el duelo por Copa Argentina del mi\u00e9rcoles ante Villa Mitre.<\/p>\n","protected":false},"excerpt":{"rendered":"<p>Independiente volvi\u00f3 a entrenarse en el predio de Villa Dom\u00ednico con una sonrisa por la seguidilla de victorias y ya palpitando el partido por Copa Argentina, donde el entrenador planea poner mayor\u00eda de titulares. El cuerpo t\u00e9cnico comandado por Julio C\u00e9sar Falcioni dispuso un circuito f\u00edsico para comenzar la jornada y luego los futbolistas agarraron [&hellip;]<\/p>\n","protected":false},"author":101017,"featured_media":94076,"comment_status":"open","ping_status":"closed","sticky":false,"template":"","format":"standard","meta":{"_links_to":"","_links_to_target":""},"categories":[3247,3],"tags":[153,3273,26,385,172,4481],"_links":{"self":[{"href":"https:\/\/www.locoxelrojo.com\/independiente\/wp-json\/wp\/v2\/posts\/94074"}],"collection":[{"href":"https:\/\/www.locoxelrojo.com\/independiente\/wp-json\/wp\/v2\/posts"}],"about":[{"href":"https:\/\/www.locoxelrojo.com\/independiente\/wp-json\/wp\/v2\/types\/post"}],"author":[{"embeddable":true,"href":"https:\/\/www.locoxelrojo.com\/independiente\/wp-json\/wp\/v2\/users\/101017"}],"replies":[{"embeddable":true,"href":"https:\/\/www.locoxelrojo.com\/independiente\/wp-json\/wp\/v2\/comments?post=94074"}],"version-history":[{"count":2,"href":"https:\/\/www.locoxelrojo.com\/independiente\/wp-json\/wp\/v2\/posts\/94074\/revisions"}],"predecessor-version":[{"id":94079,"href":"https:\/\/www.locoxelrojo.com\/independiente\/wp-json\/wp\/v2\/posts\/94074\/revisions\/94079"}],"wp:featuredmedia":[{"embeddable":true,"href":"https:\/\/www.locoxelrojo.com\/independiente\/wp-json\/wp\/v2\/media\/94076"}],"wp:attachment":[{"href":"https:\/\/www.locoxelrojo.com\/independiente\/wp-json\/wp\/v2\/media?parent=94074"}],"wp:term":[{"taxonomy":"category","embeddable":true,"href":"https:\/\/www.locoxelrojo.com\/independiente\/wp-json\/wp\/v2\/categories?post=94074"},{"taxonomy":"post_tag","embeddable":true,"href":"https:\/\/www.locoxelrojo.com\/independiente\/wp-json\/wp\/v2\/tags?post=94074"}],"curies":[{"name":"wp","href":"https:\/\/api.w.org\/{rel}","templated":true}]}}