{"id":94201,"date":"2021-03-14T08:50:48","date_gmt":"2021-03-14T11:50:48","guid":{"rendered":"http:\/\/www.locoxelrojo.com\/independiente\/?p=94201"},"modified":"2021-03-14T16:22:36","modified_gmt":"2021-03-14T19:22:36","slug":"volvio-al-gol-en-premier-despues-de-mas-de-un-ano","status":"publish","type":"post","link":"https:\/\/www.locoxelrojo.com\/independiente\/2021\/03\/14\/volvio-al-gol-en-premier-despues-de-mas-de-un-ano\/","title":{"rendered":"Volvi\u00f3 al gol en Premier despu\u00e9s de m\u00e1s de un a\u00f1o"},"content":{"rendered":"<p><strong>Sergio Ag\u00fcero<\/strong> volvi\u00f3 a ser titular en el <strong>Manchester City<\/strong> y pudo cortar la sequ\u00eda goleadora en el torneo local luego de m\u00e1s de 400 d\u00edas.<\/p>\n<p><strong>En medio de los rumores de una posible llegada a Barcelona<\/strong>, el Kun se est\u00e1 enfocando en su regreso a la actividad. Mucho tiempo fue el que estuvo lejos de la canchas debido a lesiones y a que contrajo Covid-19.<\/p>\n<p>En el encuentro correspondiente a la fecha 28 de la Premier League, <strong>Ag\u00fcero volvi\u00f3 a ser titular, llev\u00f3 la cinta de capit\u00e1n y a trav\u00e9s de los doce pasos volvi\u00f3 al gol en el triunfo 3-0 ante Fulham<\/strong>.<\/p>\n<p><iframe loading=\"lazy\" src=\"https:\/\/www.youtube.com\/embed\/daZO6dRgnOU?start=72\" width=\"560\" height=\"315\" frameborder=\"0\" allowfullscreen=\"allowfullscreen\"><\/iframe><\/p>\n<p><strong>Su \u00faltimo tanto en esta competencia hab\u00eda sido 417 d\u00edas antes, el 21 de enero del a\u00f1o pasado, en el 1-0 frente a Sheffield United<\/strong>. Luego le convirti\u00f3 a Aston Villa (por la Copa de la Liga), a Sheffield Wednesday (FA Cup), a Porto y a Olympique de Marsella (ambos por Champions).<\/p>\n<blockquote class=\"twitter-tweet\">\n<p dir=\"ltr\" lang=\"es\">Gracias por tantos mensajes de apoyo en este a\u00f1o que fue dif\u00edcil. Feliz por devolverles dentro de la cancha el cari\u00f1o que me dan. A seguir dando todo por el club &#x1f91f;&#x1f3fd; <a href=\"https:\/\/t.co\/0Z9I3pmwOj\">pic.twitter.com\/0Z9I3pmwOj<\/a><\/p>\n<p>\u2014 Sergio Kun Aguero (@aguerosergiokun) <a href=\"https:\/\/twitter.com\/aguerosergiokun\/status\/1370869101334310913?ref_src=twsrc%5Etfw\">March 13, 2021<\/a><\/p><\/blockquote>\n<p><script async src=\"https:\/\/platform.twitter.com\/widgets.js\" charset=\"utf-8\"><\/script><\/p>\n","protected":false},"excerpt":{"rendered":"<p>Sergio Ag\u00fcero volvi\u00f3 a ser titular en el Manchester City y pudo cortar la sequ\u00eda goleadora en el torneo local luego de m\u00e1s de 400 d\u00edas. En medio de los rumores de una posible llegada a Barcelona, el Kun se est\u00e1 enfocando en su regreso a la actividad. Mucho tiempo fue el que estuvo lejos [&hellip;]<\/p>\n","protected":false},"author":101025,"featured_media":94202,"comment_status":"open","ping_status":"closed","sticky":false,"template":"","format":"standard","meta":{"_links_to":"","_links_to_target":""},"categories":[2043,3247],"tags":[153,4814,950,3277,143],"_links":{"self":[{"href":"https:\/\/www.locoxelrojo.com\/independiente\/wp-json\/wp\/v2\/posts\/94201"}],"collection":[{"href":"https:\/\/www.locoxelrojo.com\/independiente\/wp-json\/wp\/v2\/posts"}],"about":[{"href":"https:\/\/www.locoxelrojo.com\/independiente\/wp-json\/wp\/v2\/types\/post"}],"author":[{"embeddable":true,"href":"https:\/\/www.locoxelrojo.com\/independiente\/wp-json\/wp\/v2\/users\/101025"}],"replies":[{"embeddable":true,"href":"https:\/\/www.locoxelrojo.com\/independiente\/wp-json\/wp\/v2\/comments?post=94201"}],"version-history":[{"count":1,"href":"https:\/\/www.locoxelrojo.com\/independiente\/wp-json\/wp\/v2\/posts\/94201\/revisions"}],"predecessor-version":[{"id":94203,"href":"https:\/\/www.locoxelrojo.com\/independiente\/wp-json\/wp\/v2\/posts\/94201\/revisions\/94203"}],"wp:featuredmedia":[{"embeddable":true,"href":"https:\/\/www.locoxelrojo.com\/independiente\/wp-json\/wp\/v2\/media\/94202"}],"wp:attachment":[{"href":"https:\/\/www.locoxelrojo.com\/independiente\/wp-json\/wp\/v2\/media?parent=94201"}],"wp:term":[{"taxonomy":"category","embeddable":true,"href":"https:\/\/www.locoxelrojo.com\/independiente\/wp-json\/wp\/v2\/categories?post=94201"},{"taxonomy":"post_tag","embeddable":true,"href":"https:\/\/www.locoxelrojo.com\/independiente\/wp-json\/wp\/v2\/tags?post=94201"}],"curies":[{"name":"wp","href":"https:\/\/api.w.org\/{rel}","templated":true}]}}