{"id":94355,"date":"2021-03-18T15:54:17","date_gmt":"2021-03-18T18:54:17","guid":{"rendered":"http:\/\/www.locoxelrojo.com\/independiente\/?p=94355"},"modified":"2021-03-18T15:54:36","modified_gmt":"2021-03-18T18:54:36","slug":"dia-y-hora-confirmados-contra-boca","status":"publish","type":"post","link":"https:\/\/www.locoxelrojo.com\/independiente\/2021\/03\/18\/dia-y-hora-confirmados-contra-boca\/","title":{"rendered":"D\u00eda y hora confirmados contra Boca"},"content":{"rendered":"<p>La <strong>Liga Profesional de F\u00fatbol<\/strong> program\u00f3 la 7\u00aa fecha de la Copa de la Liga, donde <strong>Independiente se medir\u00e1 contra Boca Juniors<\/strong> como local.<\/p>\n<p>Al equipo de <strong>Julio C\u00e9sar Falcioni<\/strong> se le viene una seguidilla de encuentros trascendental en el torneo y este jueves qued\u00f3 definida la agenda para otra de las complejas jornadas del certamen dom\u00e9stico.<\/p>\n<p>Luego de un partido clave, como lo es el del pr\u00f3ximo s\u00e1bado ante V\u00e9lez, el otro l\u00edder de la zona, al Rey de Copas le tocar\u00e1 cerrar bien tarde. <strong>Recibir\u00e1 al conjunto de la Ribera el domingo 28 de marzo, a las 21 en el Estadio Libertadores de Am\u00e9rica<\/strong>.<\/p>\n<p><span style=\"text-decoration: underline;\">Viernes 26 de marzo<\/span><br \/>\n19.00 Lan\u00fas \u2013 Patronato<br \/>\n21.15 Uni\u00f3n \u2013 Sarmiento<\/p>\n<p><span style=\"text-decoration: underline;\">S\u00e1bado 27 de marzo<\/span><br \/>\n14.00 Platense \u2013 Col\u00f3n<br \/>\n16.15 Aldosivi \u2013 Banfield<br \/>\n18.30 Argentinos \u2013 Arsenal<br \/>\n21.00 Rosario Central \u2013 Central C\u00f3rdoba<\/p>\n<p><span style=\"text-decoration: underline;\">Domingo 28 de marzo<\/span><br \/>\n14.00 Talleres \u2013 Godoy Cruz<br \/>\n16.15 Defensa y Justicia \u2013 V\u00e9lez<br \/>\n18.30 River \u2013 Racing<br \/>\n<strong>21.00 Independiente \u2013 Boca<\/strong><\/p>\n<p><span style=\"text-decoration: underline;\">Lunes 29 de marzo<\/span><br \/>\n19.00 Estudiantes \u2013 San Lorenzo<br \/>\n21.15 Atl\u00e9tico Tucum\u00e1n \u2013 Newell\u2019s<br \/>\n21.15 Hurac\u00e1n \u2013 Gimnasia<\/p>\n","protected":false},"excerpt":{"rendered":"<p>La Liga Profesional de F\u00fatbol program\u00f3 la 7\u00aa fecha de la Copa de la Liga, donde Independiente se medir\u00e1 contra Boca Juniors como local. Al equipo de Julio C\u00e9sar Falcioni se le viene una seguidilla de encuentros trascendental en el torneo y este jueves qued\u00f3 definida la agenda para otra de las complejas jornadas del [&hellip;]<\/p>\n","protected":false},"author":101025,"featured_media":94356,"comment_status":"open","ping_status":"closed","sticky":false,"template":"","format":"standard","meta":{"_links_to":"","_links_to_target":""},"categories":[3280,3247],"tags":[193,153,4784],"_links":{"self":[{"href":"https:\/\/www.locoxelrojo.com\/independiente\/wp-json\/wp\/v2\/posts\/94355"}],"collection":[{"href":"https:\/\/www.locoxelrojo.com\/independiente\/wp-json\/wp\/v2\/posts"}],"about":[{"href":"https:\/\/www.locoxelrojo.com\/independiente\/wp-json\/wp\/v2\/types\/post"}],"author":[{"embeddable":true,"href":"https:\/\/www.locoxelrojo.com\/independiente\/wp-json\/wp\/v2\/users\/101025"}],"replies":[{"embeddable":true,"href":"https:\/\/www.locoxelrojo.com\/independiente\/wp-json\/wp\/v2\/comments?post=94355"}],"version-history":[{"count":1,"href":"https:\/\/www.locoxelrojo.com\/independiente\/wp-json\/wp\/v2\/posts\/94355\/revisions"}],"predecessor-version":[{"id":94357,"href":"https:\/\/www.locoxelrojo.com\/independiente\/wp-json\/wp\/v2\/posts\/94355\/revisions\/94357"}],"wp:featuredmedia":[{"embeddable":true,"href":"https:\/\/www.locoxelrojo.com\/independiente\/wp-json\/wp\/v2\/media\/94356"}],"wp:attachment":[{"href":"https:\/\/www.locoxelrojo.com\/independiente\/wp-json\/wp\/v2\/media?parent=94355"}],"wp:term":[{"taxonomy":"category","embeddable":true,"href":"https:\/\/www.locoxelrojo.com\/independiente\/wp-json\/wp\/v2\/categories?post=94355"},{"taxonomy":"post_tag","embeddable":true,"href":"https:\/\/www.locoxelrojo.com\/independiente\/wp-json\/wp\/v2\/tags?post=94355"}],"curies":[{"name":"wp","href":"https:\/\/api.w.org\/{rel}","templated":true}]}}