{"id":94380,"date":"2021-03-19T17:39:11","date_gmt":"2021-03-19T20:39:11","guid":{"rendered":"http:\/\/www.locoxelrojo.com\/independiente\/?p=94380"},"modified":"2021-03-19T17:39:11","modified_gmt":"2021-03-19T20:39:11","slug":"concentrados-vs-velez-con-franco-hernandez-y-velasco","status":"publish","type":"post","link":"https:\/\/www.locoxelrojo.com\/independiente\/2021\/03\/19\/concentrados-vs-velez-con-franco-hernandez-y-velasco\/","title":{"rendered":"Concentrados vs. V\u00e9lez: con Franco, Hern\u00e1ndez y Velasco"},"content":{"rendered":"<p><strong>Julio C\u00e9sar Falcioni present\u00f3 la lista de jugadores que quedaron concentrados para visitar este s\u00e1bado a las 18:30 a V\u00e9lez<\/strong>, el otro l\u00edder de la zona en la Copa de la Liga.<\/p>\n<p>La buena noticia que recibi\u00f3 el entrenador es que <strong>tanto Alan Velasco como Pablo Hern\u00e1ndez est\u00e1n a disposici\u00f3n.<\/strong> La Joya ya tiene el alta m\u00e9dica del Covid-19 y el Tucu super\u00f3 su lesi\u00f3n muscular.<\/p>\n<p>Por otra parte, <strong>tambi\u00e9n contar\u00e1 con Alan Franco<\/strong>. El emperador <a href=\"https:\/\/www.locoxelrojo.com\/independiente\/2021\/03\/19\/se-freno-su-venta-juega-contra-velez\/\">aprovecha las trabas en la negociaci\u00f3n de su salida<\/a> y lo va a seguir utilizando.<\/p>\n<h2>Los 23 futbolistas que buscar\u00e1n quedar como \u00fanico puntero, son:<\/h2>\n<p><strong>Arqueros:<\/strong> Sebasti\u00e1n Sosa, Milton \u00c1lvarez.<\/p>\n<p><strong>Defensores:<\/strong> Alan Franco, Thom\u00e1s Ortega, Gonzalo As\u00eds, Lucas Rodr\u00edguez, Fabricio Bustos, Sergio Barreto, Ayrton Costa, Juan Manuel Insaurralde.<\/p>\n<p><strong>Mediocampistas:<\/strong> Andr\u00e9s Roa, Pablo Hern\u00e1ndez, Lucas Gonz\u00e1lez, Alan So\u00f1ora, Domingo Blanco, Adri\u00e1n Arregui, Lucas Romero.<\/p>\n<p><strong>Delanteros:<\/strong> Alan Velasco, Jonathan Men\u00e9ndez, Silvio Romero, Nicol\u00e1s Messiniti, Braian Mart\u00ednez y Sebasti\u00e1n Palacios.<\/p>\n","protected":false},"excerpt":{"rendered":"<p>Julio C\u00e9sar Falcioni present\u00f3 la lista de jugadores que quedaron concentrados para visitar este s\u00e1bado a las 18:30 a V\u00e9lez, el otro l\u00edder de la zona en la Copa de la Liga. La buena noticia que recibi\u00f3 el entrenador es que tanto Alan Velasco como Pablo Hern\u00e1ndez est\u00e1n a disposici\u00f3n. La Joya ya tiene el [&hellip;]<\/p>\n","protected":false},"author":101025,"featured_media":94384,"comment_status":"open","ping_status":"closed","sticky":false,"template":"","format":"standard","meta":{"_links_to":"","_links_to_target":""},"categories":[3247,3],"tags":[3231,3560,153,2764,2106,2722],"_links":{"self":[{"href":"https:\/\/www.locoxelrojo.com\/independiente\/wp-json\/wp\/v2\/posts\/94380"}],"collection":[{"href":"https:\/\/www.locoxelrojo.com\/independiente\/wp-json\/wp\/v2\/posts"}],"about":[{"href":"https:\/\/www.locoxelrojo.com\/independiente\/wp-json\/wp\/v2\/types\/post"}],"author":[{"embeddable":true,"href":"https:\/\/www.locoxelrojo.com\/independiente\/wp-json\/wp\/v2\/users\/101025"}],"replies":[{"embeddable":true,"href":"https:\/\/www.locoxelrojo.com\/independiente\/wp-json\/wp\/v2\/comments?post=94380"}],"version-history":[{"count":1,"href":"https:\/\/www.locoxelrojo.com\/independiente\/wp-json\/wp\/v2\/posts\/94380\/revisions"}],"predecessor-version":[{"id":94385,"href":"https:\/\/www.locoxelrojo.com\/independiente\/wp-json\/wp\/v2\/posts\/94380\/revisions\/94385"}],"wp:featuredmedia":[{"embeddable":true,"href":"https:\/\/www.locoxelrojo.com\/independiente\/wp-json\/wp\/v2\/media\/94384"}],"wp:attachment":[{"href":"https:\/\/www.locoxelrojo.com\/independiente\/wp-json\/wp\/v2\/media?parent=94380"}],"wp:term":[{"taxonomy":"category","embeddable":true,"href":"https:\/\/www.locoxelrojo.com\/independiente\/wp-json\/wp\/v2\/categories?post=94380"},{"taxonomy":"post_tag","embeddable":true,"href":"https:\/\/www.locoxelrojo.com\/independiente\/wp-json\/wp\/v2\/tags?post=94380"}],"curies":[{"name":"wp","href":"https:\/\/api.w.org\/{rel}","templated":true}]}}