{"id":94436,"date":"2021-03-22T09:51:54","date_gmt":"2021-03-22T12:51:54","guid":{"rendered":"http:\/\/www.locoxelrojo.com\/independiente\/?p=94436"},"modified":"2021-03-22T13:39:17","modified_gmt":"2021-03-22T16:39:17","slug":"quien-reemplazara-a-saltita-gonzalez","status":"publish","type":"post","link":"https:\/\/www.locoxelrojo.com\/independiente\/2021\/03\/22\/quien-reemplazara-a-saltita-gonzalez\/","title":{"rendered":"\u00bfQui\u00e9n reemplazar\u00e1 a Saltita Gonz\u00e1lez?"},"content":{"rendered":"<p>En la pr\u00f3xima fecha contra Boca, <strong>Julio C\u00e9sar Falcioni no podr\u00e1 contar con Lucas Gonz\u00e1lez<\/strong>, <a href=\"https:\/\/www.locoxelrojo.com\/independiente\/2021\/03\/17\/oficial-saltita-al-sub-23\/\">convocado por Sergio Batista a la gira de amistosos en Jap\u00f3n de la Selecci\u00f3n Sub-23<\/a>. <strong>\u00bfQui\u00e9n lo reemplazar\u00e1 en el mediocampo?<\/strong><\/p>\n<p><strong>Saltita<\/strong>, que ya se encuentra rumbo al pa\u00eds asi\u00e1tico junto con la delegaci\u00f3n argentina, <strong>se afianz\u00f3 como titular en el mediocampo de Independiente<\/strong> desde la segunda jornada de la Copa de Liga Profesional, <strong>aportando din\u00e1mica, quite y distribuci\u00f3n a una zona que le faltaba sangre joven.<\/strong> Primero con Domingo Blanco y luego con la vuelta de Lucas Romero, form\u00f3 un buen t\u00e1ndem en los \u00faltimos encuentros.<\/p>\n<blockquote class=\"twitter-tweet\">\n<p dir=\"ltr\" lang=\"es\"><a href=\"https:\/\/twitter.com\/hashtag\/Sub23?src=hash&amp;ref_src=twsrc%5Etfw\">#Sub23<\/a> \u00a1Rumbo a Tokio! &#x1f1ef;&#x1f1f5;<\/p>\n<p>La delegaci\u00f3n albiceleste ya parti\u00f3 hacia <a href=\"https:\/\/twitter.com\/hashtag\/Jap%C3%B3n?src=hash&amp;ref_src=twsrc%5Etfw\">#Jap\u00f3n<\/a>.<\/p>\n<p>Los once futbolistas del medio local, el cuerpo t\u00e9cnico y staff se reunir\u00e1n con el resto del plantel en <a href=\"https:\/\/twitter.com\/hashtag\/Qatar?src=hash&amp;ref_src=twsrc%5Etfw\">#Qatar<\/a> &#x2714; <a href=\"https:\/\/t.co\/5OShVjy9dF\">pic.twitter.com\/5OShVjy9dF<\/a><\/p>\n<p>\u2014 Selecci\u00f3n Argentina &#x1f1e6;&#x1f1f7; (@Argentina) <a href=\"https:\/\/twitter.com\/Argentina\/status\/1373781321097617411?ref_src=twsrc%5Etfw\">March 21, 2021<\/a><\/p><\/blockquote>\n<p><script async src=\"https:\/\/platform.twitter.com\/widgets.js\" charset=\"utf-8\"><\/script><\/p>\n<p>Manteniendo el mismo esquema y con el Perro como una fija para ocupar uno de los dos puestos del mediocampo, <strong>las alternativas para ese puesto son:<\/strong><\/p>\n<p><strong>Domingo Blanco:<\/strong> Mingo viene en alza en la copa. Est\u00e1 jugando en un buen nivel y es el m\u00e1s parecido a Saltita, aportando din\u00e1mica, juegue y despliegue con su juventud. Arranc\u00f3 siendo titular en el inicio del torneo pero luego le dej\u00f3 su lugar a Romero cuando volvi\u00f3. Ante V\u00e9lez, casi convierte el empate sobre el final con un gran remate al travesa\u00f1o. Es el que corre con m\u00e1s chances.<\/p>\n<p><strong>Pablo Hern\u00e1ndez:<\/strong> El Tucu, ya recuperado de su lesi\u00f3n, fue titular en las primeros tres cotejos del certamen, mostrando un flojo nivel, lento y con poca recuperaci\u00f3n de bal\u00f3n. Eso s\u00ed, su virtud es la visi\u00f3n y el panorama para generar juego.<\/p>\n<p><strong>Adri\u00e1n Arregui:<\/strong> el uruguayo de 28 a\u00f1os, refuerzo del \u00faltimo mercado de pases, apenas tuvo un pu\u00f1ado de minutos ingresando desde el banco en algunos partidos y sus caracter\u00edsticas son distintas. Con su ingreso, el Emperador apostar\u00eda a un medio m\u00e1s combativo y con m\u00e1s marca que juego y llegada al arco rival.<\/p>\n<p><strong>Juan Ignacio Pacchini:<\/strong> el juvenil de 20 a\u00f1os corre de atr\u00e1s en la consideraci\u00f3n del entrenador. Con apenas 6 partidos en Primera y pu\u00f1ados de minutos, es el menos probable que ocupe ese lugar. Con Lucas Pusineri tuvo m\u00e1s acci\u00f3n pero con la llegada del Emperador, est\u00e1 m\u00e1s relegado.<\/p>\n<p><strong>Esas son las opciones posicionales que tiene el DT para reemplazar al chico del Rojo.<\/strong> <strong>Pero tambi\u00e9n puede sorprender y ensayar durante la semana con jugadores m\u00e1s ofensivos tirados a volantear, como pueden ser Alan Velasco, Andr\u00e9s Roa o Alan So\u00f1ora.<\/strong> Ser\u00e1 decisi\u00f3n de Falcioni que deber\u00e1 suplantar de la mejor manera posible a Gonz\u00e1lez y buscar la victoria ante el Xeneixe para seguir bien arriba.<\/p>\n","protected":false},"excerpt":{"rendered":"<p>En la pr\u00f3xima fecha contra Boca, Julio C\u00e9sar Falcioni no podr\u00e1 contar con Lucas Gonz\u00e1lez, convocado por Sergio Batista a la gira de amistosos en Jap\u00f3n de la Selecci\u00f3n Sub-23. \u00bfQui\u00e9n lo reemplazar\u00e1 en el mediocampo? Saltita, que ya se encuentra rumbo al pa\u00eds asi\u00e1tico junto con la delegaci\u00f3n argentina, se afianz\u00f3 como titular en [&hellip;]<\/p>\n","protected":false},"author":101017,"featured_media":93884,"comment_status":"open","ping_status":"closed","sticky":false,"template":"","format":"standard","meta":{"_links_to":"","_links_to_target":""},"categories":[3247,3329],"tags":[3434,4121,3560,4267,153,2958,4604,385,4179,2106],"_links":{"self":[{"href":"https:\/\/www.locoxelrojo.com\/independiente\/wp-json\/wp\/v2\/posts\/94436"}],"collection":[{"href":"https:\/\/www.locoxelrojo.com\/independiente\/wp-json\/wp\/v2\/posts"}],"about":[{"href":"https:\/\/www.locoxelrojo.com\/independiente\/wp-json\/wp\/v2\/types\/post"}],"author":[{"embeddable":true,"href":"https:\/\/www.locoxelrojo.com\/independiente\/wp-json\/wp\/v2\/users\/101017"}],"replies":[{"embeddable":true,"href":"https:\/\/www.locoxelrojo.com\/independiente\/wp-json\/wp\/v2\/comments?post=94436"}],"version-history":[{"count":1,"href":"https:\/\/www.locoxelrojo.com\/independiente\/wp-json\/wp\/v2\/posts\/94436\/revisions"}],"predecessor-version":[{"id":94437,"href":"https:\/\/www.locoxelrojo.com\/independiente\/wp-json\/wp\/v2\/posts\/94436\/revisions\/94437"}],"wp:featuredmedia":[{"embeddable":true,"href":"https:\/\/www.locoxelrojo.com\/independiente\/wp-json\/wp\/v2\/media\/93884"}],"wp:attachment":[{"href":"https:\/\/www.locoxelrojo.com\/independiente\/wp-json\/wp\/v2\/media?parent=94436"}],"wp:term":[{"taxonomy":"category","embeddable":true,"href":"https:\/\/www.locoxelrojo.com\/independiente\/wp-json\/wp\/v2\/categories?post=94436"},{"taxonomy":"post_tag","embeddable":true,"href":"https:\/\/www.locoxelrojo.com\/independiente\/wp-json\/wp\/v2\/tags?post=94436"}],"curies":[{"name":"wp","href":"https:\/\/api.w.org\/{rel}","templated":true}]}}