{"id":94505,"date":"2021-03-25T13:43:04","date_gmt":"2021-03-25T16:43:04","guid":{"rendered":"http:\/\/www.locoxelrojo.com\/independiente\/?p=94505"},"modified":"2021-03-25T13:49:39","modified_gmt":"2021-03-25T16:49:39","slug":"lo-probo-y-le-gusto","status":"publish","type":"post","link":"https:\/\/www.locoxelrojo.com\/independiente\/2021\/03\/25\/lo-probo-y-le-gusto\/","title":{"rendered":"\u00bfLo prob\u00f3 y le gust\u00f3?"},"content":{"rendered":"<p><strong>Julio C\u00e9sar Falcioni prob\u00f3 al reemplazante de Silvio Romero, baja por Covid-19, para jugar ante Boca.<\/strong><\/p>\n<p>Este jueves por la ma\u00f1ana en el predio de Villa Dom\u00ednico, Falcioni recibi\u00f3 dos malas noticias: <strong>Romero y Braian Mart\u00ednez ser\u00e1n baja, al menos 14 d\u00edas, por dar positivo de coronavirus<\/strong>. Un dolor de cabeza para el DT, justo con el cl\u00e1sico a la vuelta de la esquina.<\/p>\n<p>A las bajas de Alan Franco (ya en Estados Unidos) y Lucas Gonz\u00e1lez (afectado a la Selecci\u00f3n Argentina Sub 23), se le suma la ausencia del goleador y capit\u00e1n del equipo. Pensando en el Xeneize, las dos primeras las tiene resueltas: <strong>Ayrton Costa se afirma para suceder a Franco y Domingo Blanco ser\u00e1 quien juegue por Saltita.<\/strong><\/p>\n<p>En la pr\u00e1ctica donde prob\u00f3 el posible once, <strong>en lugar del Chino estuvo Nicol\u00e1s Messiniti, quien anduvo muy bien y se dio el lujo de convertir 3 tantos.<\/strong> El propio Falcioni en conferencia de prensa avis\u00f3 que a\u00fan no est\u00e1 confirmado, pero teniendo en cuenta <a href=\"https:\/\/www.locoxelrojo.com\/independiente\/2021\/03\/25\/quien-debe-reemplazar-al-chino\/\">las distintas alternativas<\/a>, parece ser la m\u00e1s l\u00f3gica.<\/p>\n<p>\u00bfCu\u00e1l fue el equipo? <strong>Sebasti\u00e1n Sosa; Fabricio Bustos, Sergio Barreto, Juan Manuel Insaurralde, Costa, Lucas Rodr\u00edguez; Lucas Romero, Blanco; Sebasti\u00e1n Palacios, Messiniti, Jonathan Dom\u00ednguez. <\/strong><\/p>\n","protected":false},"excerpt":{"rendered":"<p>Julio C\u00e9sar Falcioni prob\u00f3 al reemplazante de Silvio Romero, baja por Covid-19, para jugar ante Boca. Este jueves por la ma\u00f1ana en el predio de Villa Dom\u00ednico, Falcioni recibi\u00f3 dos malas noticias: Romero y Braian Mart\u00ednez ser\u00e1n baja, al menos 14 d\u00edas, por dar positivo de coronavirus. Un dolor de cabeza para el DT, justo [&hellip;]<\/p>\n","protected":false},"author":1,"featured_media":91804,"comment_status":"open","ping_status":"closed","sticky":false,"template":"","format":"standard","meta":{"_links_to":"","_links_to_target":""},"categories":[3247,3],"tags":[26,385,3109,1806,172],"_links":{"self":[{"href":"https:\/\/www.locoxelrojo.com\/independiente\/wp-json\/wp\/v2\/posts\/94505"}],"collection":[{"href":"https:\/\/www.locoxelrojo.com\/independiente\/wp-json\/wp\/v2\/posts"}],"about":[{"href":"https:\/\/www.locoxelrojo.com\/independiente\/wp-json\/wp\/v2\/types\/post"}],"author":[{"embeddable":true,"href":"https:\/\/www.locoxelrojo.com\/independiente\/wp-json\/wp\/v2\/users\/1"}],"replies":[{"embeddable":true,"href":"https:\/\/www.locoxelrojo.com\/independiente\/wp-json\/wp\/v2\/comments?post=94505"}],"version-history":[{"count":2,"href":"https:\/\/www.locoxelrojo.com\/independiente\/wp-json\/wp\/v2\/posts\/94505\/revisions"}],"predecessor-version":[{"id":94507,"href":"https:\/\/www.locoxelrojo.com\/independiente\/wp-json\/wp\/v2\/posts\/94505\/revisions\/94507"}],"wp:featuredmedia":[{"embeddable":true,"href":"https:\/\/www.locoxelrojo.com\/independiente\/wp-json\/wp\/v2\/media\/91804"}],"wp:attachment":[{"href":"https:\/\/www.locoxelrojo.com\/independiente\/wp-json\/wp\/v2\/media?parent=94505"}],"wp:term":[{"taxonomy":"category","embeddable":true,"href":"https:\/\/www.locoxelrojo.com\/independiente\/wp-json\/wp\/v2\/categories?post=94505"},{"taxonomy":"post_tag","embeddable":true,"href":"https:\/\/www.locoxelrojo.com\/independiente\/wp-json\/wp\/v2\/tags?post=94505"}],"curies":[{"name":"wp","href":"https:\/\/api.w.org\/{rel}","templated":true}]}}