{"id":94743,"date":"2021-04-01T12:44:05","date_gmt":"2021-04-01T15:44:05","guid":{"rendered":"http:\/\/www.locoxelrojo.com\/independiente\/?p=94743"},"modified":"2021-04-01T12:44:05","modified_gmt":"2021-04-01T15:44:05","slug":"sin-nuevos-contagios","status":"publish","type":"post","link":"https:\/\/www.locoxelrojo.com\/independiente\/2021\/04\/01\/sin-nuevos-contagios\/","title":{"rendered":"Sin nuevos contagios"},"content":{"rendered":"<p>Una buena noticia para Julio C\u00e9sar Falcioni: <strong>los testeos de cara al partido con Talleres dieron todos negativos.<\/strong><\/p>\n<p>Las \u00faltimas horas fueron bastante movidas en Independiente con respecto al Covid-19. <strong><a href=\"https:\/\/www.locoxelrojo.com\/independiente\/2021\/03\/31\/bacchia-dio-positivo\/\">Renzo Bacchia<\/a> y <a href=\"https:\/\/www.locoxelrojo.com\/independiente\/2021\/03\/31\/benavidez-tambien-con-covid-19\/\">Carlos Benav\u00eddez<\/a> dieron positivo en sus PCR<\/strong> y eso volvi\u00f3 a encender las alarmas por miedo a nuevos contagios teniendo en cuenta el encuentro en C\u00f3rdoba y el Cl\u00e1sico de Avellaneda que est\u00e1 a la vuelta de la esquina.<\/p>\n<p>Por suerte, <strong>en los ex\u00e1menes protocolares de la Liga Profesional los futbolistas del dieron negativo y est\u00e1n disponibles para este fin de semana.<\/strong> Desde ya, Bacchia y Benav\u00eddez permanecen aislados y no est\u00e1n concurriendo al predio de Villa Dom\u00ednico.<\/p>\n<blockquote class=\"twitter-tweet\" data-width=\"550\" data-dnt=\"true\">\n<p lang=\"es\" dir=\"ltr\">\ud83d\udccc Parte m\u00e9dico &#8211; Plantel Profesional<\/p>\n<p>Todos los hisopados previos al duelo con Talleres dieron negativos a COVID-19.<\/p>\n<p>El Plantel viajar\u00e1 ma\u00f1ana a C\u00f3rdoba \ud83d\udeeb<a href=\"https:\/\/twitter.com\/hashtag\/TodoRojo?src=hash&amp;ref_src=twsrc%5Etfw\">#TodoRojo<\/a> \ud83d\udd34 <a href=\"https:\/\/t.co\/pLKUwkJwqY\">pic.twitter.com\/pLKUwkJwqY<\/a><\/p>\n<p>&mdash; C. A. Independiente (@Independiente) <a href=\"https:\/\/twitter.com\/Independiente\/status\/1377614959580942339?ref_src=twsrc%5Etfw\">April 1, 2021<\/a><\/p><\/blockquote>\n<p><script async src=\"https:\/\/platform.twitter.com\/widgets.js\" charset=\"utf-8\"><\/script><\/p>\n","protected":false},"excerpt":{"rendered":"<p>Una buena noticia para Julio C\u00e9sar Falcioni: los testeos de cara al partido con Talleres dieron todos negativos. Las \u00faltimas horas fueron bastante movidas en Independiente con respecto al Covid-19. Renzo Bacchia y Carlos Benav\u00eddez dieron positivo en sus PCR y eso volvi\u00f3 a encender las alarmas por miedo a nuevos contagios teniendo en cuenta [&hellip;]<\/p>\n","protected":false},"author":1,"featured_media":94744,"comment_status":"open","ping_status":"closed","sticky":false,"template":"","format":"standard","meta":{"_links_to":"","_links_to_target":""},"categories":[3247,3],"tags":[3758,153,4512,3958],"_links":{"self":[{"href":"https:\/\/www.locoxelrojo.com\/independiente\/wp-json\/wp\/v2\/posts\/94743"}],"collection":[{"href":"https:\/\/www.locoxelrojo.com\/independiente\/wp-json\/wp\/v2\/posts"}],"about":[{"href":"https:\/\/www.locoxelrojo.com\/independiente\/wp-json\/wp\/v2\/types\/post"}],"author":[{"embeddable":true,"href":"https:\/\/www.locoxelrojo.com\/independiente\/wp-json\/wp\/v2\/users\/1"}],"replies":[{"embeddable":true,"href":"https:\/\/www.locoxelrojo.com\/independiente\/wp-json\/wp\/v2\/comments?post=94743"}],"version-history":[{"count":1,"href":"https:\/\/www.locoxelrojo.com\/independiente\/wp-json\/wp\/v2\/posts\/94743\/revisions"}],"predecessor-version":[{"id":94745,"href":"https:\/\/www.locoxelrojo.com\/independiente\/wp-json\/wp\/v2\/posts\/94743\/revisions\/94745"}],"wp:featuredmedia":[{"embeddable":true,"href":"https:\/\/www.locoxelrojo.com\/independiente\/wp-json\/wp\/v2\/media\/94744"}],"wp:attachment":[{"href":"https:\/\/www.locoxelrojo.com\/independiente\/wp-json\/wp\/v2\/media?parent=94743"}],"wp:term":[{"taxonomy":"category","embeddable":true,"href":"https:\/\/www.locoxelrojo.com\/independiente\/wp-json\/wp\/v2\/categories?post=94743"},{"taxonomy":"post_tag","embeddable":true,"href":"https:\/\/www.locoxelrojo.com\/independiente\/wp-json\/wp\/v2\/tags?post=94743"}],"curies":[{"name":"wp","href":"https:\/\/api.w.org\/{rel}","templated":true}]}}