{"id":94746,"date":"2021-04-01T13:16:43","date_gmt":"2021-04-01T16:16:43","guid":{"rendered":"http:\/\/www.locoxelrojo.com\/independiente\/?p=94746"},"modified":"2021-04-01T13:16:43","modified_gmt":"2021-04-01T16:16:43","slug":"volvio-saltita","status":"publish","type":"post","link":"https:\/\/www.locoxelrojo.com\/independiente\/2021\/04\/01\/volvio-saltita\/","title":{"rendered":"Volvi\u00f3 Saltita"},"content":{"rendered":"<p><strong>Lucas Gonz\u00e1lez regres\u00f3 de su viaje a Jap\u00f3n y se sum\u00f3 a los entrenamientos de Independiente.<\/strong><\/p>\n<p><strong>Este jueves Saltita pis\u00f3 el predio de Villa Dom\u00ednico y se puso a disposici\u00f3n de Julio C\u00e9sar Falcioni.<\/strong> Lleg\u00f3 a Ezeiza en horas de la madrugada, luego de su estad\u00eda en el pa\u00eds asi\u00e1tico junto a la Selecci\u00f3n Argentina Sub 23 de Fernando Batista. All\u00ed disput\u00f3 dos amistosos frente a Jap\u00f3n: <a href=\"https:\/\/www.locoxelrojo.com\/independiente\/2021\/03\/26\/saltita-tuvo-su-debut-en-la-seleccion\/\">en el primero sum\u00f3 minutos en el complemento<\/a>, mientras que <a href=\"https:\/\/www.locoxelrojo.com\/independiente\/2021\/03\/29\/saltita-gonzalez-jugo-todo-el-partido-en-la-derrota-de-la-seleccion\/\">en el segundo jug\u00f3 todo el partido<\/a>.<\/p>\n<p>El DT del Rojo recupera a un futbolista importante y, seguramente,<strong> formar\u00e1 parte de la lista de concentrados para viajar a C\u00f3rdoba y jugar con Talleres.<\/strong><\/p>\n<blockquote class=\"twitter-tweet\" data-width=\"550\" data-dnt=\"true\">\n<p lang=\"es\" dir=\"ltr\">\u00a1Hola Saltita! \ud83d\ude0d<\/p>\n<p>Lucas Gonz\u00e1lez se reintegr\u00f3 a los entrenamientos luego de su debut con <a href=\"https:\/\/twitter.com\/Argentina?ref_src=twsrc%5Etfw\">@Argentina<\/a> \ud83d\udc4f<a href=\"https:\/\/twitter.com\/hashtag\/OrgulloNacional?src=hash&amp;ref_src=twsrc%5Etfw\">#OrgulloNacional<\/a> <a href=\"https:\/\/twitter.com\/hashtag\/TodoRojo?src=hash&amp;ref_src=twsrc%5Etfw\">#TodoRojo<\/a> \ud83d\udd34 <a href=\"https:\/\/t.co\/vQdPiSNO0S\">pic.twitter.com\/vQdPiSNO0S<\/a><\/p>\n<p>&mdash; C. A. Independiente (@Independiente) <a href=\"https:\/\/twitter.com\/Independiente\/status\/1377644934015094791?ref_src=twsrc%5Etfw\">April 1, 2021<\/a><\/p><\/blockquote>\n<p><script async src=\"https:\/\/platform.twitter.com\/widgets.js\" charset=\"utf-8\"><\/script><\/p>\n<p>&nbsp;<\/p>\n","protected":false},"excerpt":{"rendered":"<p>Lucas Gonz\u00e1lez regres\u00f3 de su viaje a Jap\u00f3n y se sum\u00f3 a los entrenamientos de Independiente. Este jueves Saltita pis\u00f3 el predio de Villa Dom\u00ednico y se puso a disposici\u00f3n de Julio C\u00e9sar Falcioni. Lleg\u00f3 a Ezeiza en horas de la madrugada, luego de su estad\u00eda en el pa\u00eds asi\u00e1tico junto a la Selecci\u00f3n Argentina [&hellip;]<\/p>\n","protected":false},"author":1,"featured_media":94747,"comment_status":"open","ping_status":"closed","sticky":false,"template":"","format":"standard","meta":{"_links_to":"","_links_to_target":""},"categories":[3247,3],"tags":[153,4179,3168],"_links":{"self":[{"href":"https:\/\/www.locoxelrojo.com\/independiente\/wp-json\/wp\/v2\/posts\/94746"}],"collection":[{"href":"https:\/\/www.locoxelrojo.com\/independiente\/wp-json\/wp\/v2\/posts"}],"about":[{"href":"https:\/\/www.locoxelrojo.com\/independiente\/wp-json\/wp\/v2\/types\/post"}],"author":[{"embeddable":true,"href":"https:\/\/www.locoxelrojo.com\/independiente\/wp-json\/wp\/v2\/users\/1"}],"replies":[{"embeddable":true,"href":"https:\/\/www.locoxelrojo.com\/independiente\/wp-json\/wp\/v2\/comments?post=94746"}],"version-history":[{"count":1,"href":"https:\/\/www.locoxelrojo.com\/independiente\/wp-json\/wp\/v2\/posts\/94746\/revisions"}],"predecessor-version":[{"id":94748,"href":"https:\/\/www.locoxelrojo.com\/independiente\/wp-json\/wp\/v2\/posts\/94746\/revisions\/94748"}],"wp:featuredmedia":[{"embeddable":true,"href":"https:\/\/www.locoxelrojo.com\/independiente\/wp-json\/wp\/v2\/media\/94747"}],"wp:attachment":[{"href":"https:\/\/www.locoxelrojo.com\/independiente\/wp-json\/wp\/v2\/media?parent=94746"}],"wp:term":[{"taxonomy":"category","embeddable":true,"href":"https:\/\/www.locoxelrojo.com\/independiente\/wp-json\/wp\/v2\/categories?post=94746"},{"taxonomy":"post_tag","embeddable":true,"href":"https:\/\/www.locoxelrojo.com\/independiente\/wp-json\/wp\/v2\/tags?post=94746"}],"curies":[{"name":"wp","href":"https:\/\/api.w.org\/{rel}","templated":true}]}}