{"id":94751,"date":"2021-04-01T13:54:59","date_gmt":"2021-04-01T16:54:59","guid":{"rendered":"https:\/\/www.locoxelrojo.com\/independiente\/?p=94751"},"modified":"2021-04-01T13:54:59","modified_gmt":"2021-04-01T16:54:59","slug":"holan-por-mi-volveria-a-independiente","status":"publish","type":"post","link":"https:\/\/www.locoxelrojo.com\/independiente\/2021\/04\/01\/holan-por-mi-volveria-a-independiente\/","title":{"rendered":"Holan: &#8220;Por m\u00ed, volver\u00eda a Independiente&#8221;"},"content":{"rendered":"<p><strong>Ariel Holan<\/strong> tuvo una larga entrevista desde Brasil y <strong>volvi\u00f3 a tocar su paso como t\u00e9cnico de Independiente, donde analiz\u00f3 m\u00e1s de lleno sus aciertos y errores y cont\u00f3 que le encantar\u00eda volver.<\/strong><\/p>\n<p><strong>&#8220;El balance de mi ciclo en Independiente es positivo. Me emparent\u00f3 con la identidad del club, logramos la Sudamericana y la Suruga Bank, hicimos una muy buena Libertadores y dos muy buenos partidos contra Gremio en la Recopa&#8221;<\/strong>, comenz\u00f3 explayando el ex DT del Rojo en charla con ESPN F12.<\/p>\n<p>En la misma l\u00ednea, el Profesor continu\u00f3 explicando el comienzo de la debacle en su ciclo: <strong>&#8220;En el 2019 nos encontramos con un equipo que se estaba reordenando, pero logramos clasificar a octavos de final en la Sudamericana y se interrumpi\u00f3 el proceso. Hice una profunda revisi\u00f3n y una autocr\u00edtica. Cuando hay contrataciones, siempre hay algo en el placard de los aciertos y de los errores&#8221;.<\/strong><\/p>\n<p>Siguiendo la charla, el entrenador puntualiz\u00f3 sobre la dificultad que es dirigir en Argentina: <strong>&#8220;El f\u00fatbol argentino es muy exigente y hace que a veces no se den los tiempos necesarios de maduraci\u00f3n. Yo tengo la conciencia tranquila, buscamos jugadores dentro del presupuesto del club porque \u00edbamos a jugar Libertadores y quer\u00edamos ser competitivos. Nos reforzamos con jugadores que estaban en muchas selecciones del continente y a los que pod\u00edamos acceder en cuanto a nuestros n\u00fameros&#8221;.<\/strong><\/p>\n<p>Para finalizar, al actual DT del Santos le consultaron si volver\u00eda al Rey de Copas y dijo: <strong>&#8220;Si es por m\u00ed, volver\u00eda a Independiente. Pero hoy estoy totalmente enfocado en Santos y en mi experiencia de seguir dirigiendo en el exterior&#8221;.<\/strong><\/p>\n","protected":false},"excerpt":{"rendered":"<p>Ariel Holan tuvo una larga entrevista desde Brasil y volvi\u00f3 a tocar su paso como t\u00e9cnico de Independiente, donde analiz\u00f3 m\u00e1s de lleno sus aciertos y errores y cont\u00f3 que le encantar\u00eda volver. &#8220;El balance de mi ciclo en Independiente es positivo. Me emparent\u00f3 con la identidad del club, logramos la Sudamericana y la Suruga [&hellip;]<\/p>\n","protected":false},"author":101017,"featured_media":94756,"comment_status":"open","ping_status":"closed","sticky":false,"template":"","format":"standard","meta":{"_links_to":"","_links_to_target":""},"categories":[3280,3247],"tags":[2998,153,4519,1616],"_links":{"self":[{"href":"https:\/\/www.locoxelrojo.com\/independiente\/wp-json\/wp\/v2\/posts\/94751"}],"collection":[{"href":"https:\/\/www.locoxelrojo.com\/independiente\/wp-json\/wp\/v2\/posts"}],"about":[{"href":"https:\/\/www.locoxelrojo.com\/independiente\/wp-json\/wp\/v2\/types\/post"}],"author":[{"embeddable":true,"href":"https:\/\/www.locoxelrojo.com\/independiente\/wp-json\/wp\/v2\/users\/101017"}],"replies":[{"embeddable":true,"href":"https:\/\/www.locoxelrojo.com\/independiente\/wp-json\/wp\/v2\/comments?post=94751"}],"version-history":[{"count":1,"href":"https:\/\/www.locoxelrojo.com\/independiente\/wp-json\/wp\/v2\/posts\/94751\/revisions"}],"predecessor-version":[{"id":94757,"href":"https:\/\/www.locoxelrojo.com\/independiente\/wp-json\/wp\/v2\/posts\/94751\/revisions\/94757"}],"wp:featuredmedia":[{"embeddable":true,"href":"https:\/\/www.locoxelrojo.com\/independiente\/wp-json\/wp\/v2\/media\/94756"}],"wp:attachment":[{"href":"https:\/\/www.locoxelrojo.com\/independiente\/wp-json\/wp\/v2\/media?parent=94751"}],"wp:term":[{"taxonomy":"category","embeddable":true,"href":"https:\/\/www.locoxelrojo.com\/independiente\/wp-json\/wp\/v2\/categories?post=94751"},{"taxonomy":"post_tag","embeddable":true,"href":"https:\/\/www.locoxelrojo.com\/independiente\/wp-json\/wp\/v2\/tags?post=94751"}],"curies":[{"name":"wp","href":"https:\/\/api.w.org\/{rel}","templated":true}]}}