{"id":94866,"date":"2021-04-05T10:30:18","date_gmt":"2021-04-05T13:30:18","guid":{"rendered":"https:\/\/www.locoxelrojo.com\/independiente\/?p=94866"},"modified":"2021-04-05T11:37:23","modified_gmt":"2021-04-05T14:37:23","slug":"golazo-del-chiqui-moreira-de-tiro-libre-para-el-triunfo-de-quilmes","status":"publish","type":"post","link":"https:\/\/www.locoxelrojo.com\/independiente\/2021\/04\/05\/golazo-del-chiqui-moreira-de-tiro-libre-para-el-triunfo-de-quilmes\/","title":{"rendered":"Golazo del Chiqui Moreira de tiro libre para el triunfo de Quilmes"},"content":{"rendered":"<p><strong>Rodrigo Moreira<\/strong>, defensor central surgido en la cantera de Independiente, <strong>marc\u00f3 un tremendo golazo ayer en la victoria de Quilmes por 2-0 ante Temperley,<\/strong> sorprendiendo con su pegada y colg\u00e1ndola al \u00e1ngulo de tiro libre.<\/p>\n<p><strong>El zaguero de 24 a\u00f1os que apenas jug\u00f3 5 partidos en el Rojo en 2017<\/strong>, tras tener un paso por San Mart\u00edn de Tucum\u00e1n, hoy se encuentra viviendo un buen momento en el Cervecero y <strong>anot\u00f3 su tercer gol en el conjunto del sur, el segundo en esta Primera Nacional.<\/strong><\/p>\n<p><strong>El Chiqui ven\u00eda de convertir tambi\u00e9n por un remate directo de un bal\u00f3n detenido en el triunfo 2-0 de visitante contra Estudiantes de R\u00edo Cuarto y volvi\u00f3 a anotar por esa v\u00eda con un bombazo al palo del arquero<\/strong>, mostrando una cualidad escondida que no es casualidad. Con la victoria, <strong>Quilmes se acomoda en la tabla de su zona dentro de los puestos para el Reducido<\/strong>, a un punto de los l\u00edderes.<\/p>\n<p><strong>Mir\u00e1 los goles<\/strong><\/p>\n<p><iframe loading=\"lazy\" title=\"YouTube video player\" src=\"https:\/\/www.youtube.com\/embed\/RAJYDtmQdUE?start=8\" width=\"560\" height=\"315\" frameborder=\"0\" allowfullscreen=\"allowfullscreen\"><\/iframe><\/p>\n<p><iframe loading=\"lazy\" title=\"YouTube video player\" src=\"https:\/\/www.youtube.com\/embed\/4jeBkQnIang?start=90\" width=\"560\" height=\"315\" frameborder=\"0\" allowfullscreen=\"allowfullscreen\"><\/iframe><\/p>\n","protected":false},"excerpt":{"rendered":"<p>Rodrigo Moreira, defensor central surgido en la cantera de Independiente, marc\u00f3 un tremendo golazo ayer en la victoria de Quilmes por 2-0 ante Temperley, sorprendiendo con su pegada y colg\u00e1ndola al \u00e1ngulo de tiro libre. El zaguero de 24 a\u00f1os que apenas jug\u00f3 5 partidos en el Rojo en 2017, tras tener un paso por [&hellip;]<\/p>\n","protected":false},"author":101017,"featured_media":94867,"comment_status":"open","ping_status":"closed","sticky":false,"template":"","format":"standard","meta":{"_links_to":"","_links_to_target":""},"categories":[2043,3247],"tags":[153,4833,666,1733,3277],"_links":{"self":[{"href":"https:\/\/www.locoxelrojo.com\/independiente\/wp-json\/wp\/v2\/posts\/94866"}],"collection":[{"href":"https:\/\/www.locoxelrojo.com\/independiente\/wp-json\/wp\/v2\/posts"}],"about":[{"href":"https:\/\/www.locoxelrojo.com\/independiente\/wp-json\/wp\/v2\/types\/post"}],"author":[{"embeddable":true,"href":"https:\/\/www.locoxelrojo.com\/independiente\/wp-json\/wp\/v2\/users\/101017"}],"replies":[{"embeddable":true,"href":"https:\/\/www.locoxelrojo.com\/independiente\/wp-json\/wp\/v2\/comments?post=94866"}],"version-history":[{"count":1,"href":"https:\/\/www.locoxelrojo.com\/independiente\/wp-json\/wp\/v2\/posts\/94866\/revisions"}],"predecessor-version":[{"id":94868,"href":"https:\/\/www.locoxelrojo.com\/independiente\/wp-json\/wp\/v2\/posts\/94866\/revisions\/94868"}],"wp:featuredmedia":[{"embeddable":true,"href":"https:\/\/www.locoxelrojo.com\/independiente\/wp-json\/wp\/v2\/media\/94867"}],"wp:attachment":[{"href":"https:\/\/www.locoxelrojo.com\/independiente\/wp-json\/wp\/v2\/media?parent=94866"}],"wp:term":[{"taxonomy":"category","embeddable":true,"href":"https:\/\/www.locoxelrojo.com\/independiente\/wp-json\/wp\/v2\/categories?post=94866"},{"taxonomy":"post_tag","embeddable":true,"href":"https:\/\/www.locoxelrojo.com\/independiente\/wp-json\/wp\/v2\/tags?post=94866"}],"curies":[{"name":"wp","href":"https:\/\/api.w.org\/{rel}","templated":true}]}}