{"id":94869,"date":"2021-04-05T12:16:19","date_gmt":"2021-04-05T15:16:19","guid":{"rendered":"https:\/\/www.locoxelrojo.com\/independiente\/?p=94869"},"modified":"2021-04-05T19:09:03","modified_gmt":"2021-04-05T22:09:03","slug":"temor-por-un-posible-brote-de-covid-19","status":"publish","type":"post","link":"https:\/\/www.locoxelrojo.com\/independiente\/2021\/04\/05\/temor-por-un-posible-brote-de-covid-19\/","title":{"rendered":"Temor por un posible brote de COVID-19"},"content":{"rendered":"<p>Comienzo de semana con malas noticias para Independiente. <a href=\"https:\/\/www.locoxelrojo.com\/independiente\/2021\/04\/05\/sosa-volvio-a-contagiarse-y-se-pierde-el-clasico\/\">Tras el testeo positivo de Sebasti\u00e1n Sosa por coronavirus<\/a>, a la espera del PCR,<strong> otros tres futbolistas del Rojo se ausentaron de la pr\u00e1ctica por presentar s\u00edntomas y se teme que haya un brote del virus.<\/strong><\/p>\n<p><strong>Se trata de Juan Ignacio Pacchini, Patricio Ostachuk y Thomas Ortega.<\/strong> Los tres se encuentran aislados, no participaron de la pr\u00e1ctica de este lunes y est\u00e1n a la espera de los hisopados. <strong>Tanto el defensor central como el lateral izquierdo presentan s\u00edntomas leves de la enfermedad, mientras que el volante permanece asintom\u00e1tico.<\/strong><\/p>\n<p>Y no se termina ah\u00ed. <strong>La Reserva tambi\u00e9n sufri\u00f3 varios casos positivos y hoy se le sum\u00f3 el de Mat\u00edas Sosa. <\/strong>En las \u00faltimas dos semanas los afectados hab\u00edan sido:<strong> Mauro Zurita, Ezequiel Moschen, Juan Di Lorenzo, Renzo Bacchia y Juan Da Rosa. <\/strong><\/p>\n<p><strong>En el ambiente hay temor de que sea un contagio generalizado <\/strong>y, por ello, <strong>se aumentar\u00e1 la frecuencia de controles durante esta semana.<\/strong> El martes y jueves se realizar\u00e1n tests de ant\u00edgenos a todo el Plantel Profesional. Habr\u00e1 que esperar el resultado de los an\u00e1lisis pero <strong>todo parece indicar que Julio C\u00e9sar Falcioni tendr\u00e1 varias bajas justo en la semana previa al cl\u00e1sico ante Racing.<\/strong><\/p>\n","protected":false},"excerpt":{"rendered":"<p>Comienzo de semana con malas noticias para Independiente. Tras el testeo positivo de Sebasti\u00e1n Sosa por coronavirus, a la espera del PCR, otros tres futbolistas del Rojo se ausentaron de la pr\u00e1ctica por presentar s\u00edntomas y se teme que haya un brote del virus. Se trata de Juan Ignacio Pacchini, Patricio Ostachuk y Thomas Ortega. [&hellip;]<\/p>\n","protected":false},"author":101017,"featured_media":94870,"comment_status":"open","ping_status":"closed","sticky":false,"template":"","format":"standard","meta":{"_links_to":"","_links_to_target":""},"categories":[3247,3],"tags":[153,4506,4512,26,4604,385,4508,4739,4645,4088],"_links":{"self":[{"href":"https:\/\/www.locoxelrojo.com\/independiente\/wp-json\/wp\/v2\/posts\/94869"}],"collection":[{"href":"https:\/\/www.locoxelrojo.com\/independiente\/wp-json\/wp\/v2\/posts"}],"about":[{"href":"https:\/\/www.locoxelrojo.com\/independiente\/wp-json\/wp\/v2\/types\/post"}],"author":[{"embeddable":true,"href":"https:\/\/www.locoxelrojo.com\/independiente\/wp-json\/wp\/v2\/users\/101017"}],"replies":[{"embeddable":true,"href":"https:\/\/www.locoxelrojo.com\/independiente\/wp-json\/wp\/v2\/comments?post=94869"}],"version-history":[{"count":6,"href":"https:\/\/www.locoxelrojo.com\/independiente\/wp-json\/wp\/v2\/posts\/94869\/revisions"}],"predecessor-version":[{"id":94884,"href":"https:\/\/www.locoxelrojo.com\/independiente\/wp-json\/wp\/v2\/posts\/94869\/revisions\/94884"}],"wp:featuredmedia":[{"embeddable":true,"href":"https:\/\/www.locoxelrojo.com\/independiente\/wp-json\/wp\/v2\/media\/94870"}],"wp:attachment":[{"href":"https:\/\/www.locoxelrojo.com\/independiente\/wp-json\/wp\/v2\/media?parent=94869"}],"wp:term":[{"taxonomy":"category","embeddable":true,"href":"https:\/\/www.locoxelrojo.com\/independiente\/wp-json\/wp\/v2\/categories?post=94869"},{"taxonomy":"post_tag","embeddable":true,"href":"https:\/\/www.locoxelrojo.com\/independiente\/wp-json\/wp\/v2\/tags?post=94869"}],"curies":[{"name":"wp","href":"https:\/\/api.w.org\/{rel}","templated":true}]}}