{"id":94875,"date":"2021-04-05T12:30:24","date_gmt":"2021-04-05T15:30:24","guid":{"rendered":"http:\/\/www.locoxelrojo.com\/independiente\/?p=94875"},"modified":"2021-04-05T16:48:39","modified_gmt":"2021-04-05T19:48:39","slug":"recupero-a-rodriguez","status":"publish","type":"post","link":"https:\/\/www.locoxelrojo.com\/independiente\/2021\/04\/05\/recupero-a-rodriguez\/","title":{"rendered":"Recuper\u00f3 a Rodr\u00edguez"},"content":{"rendered":"<p>El grupo dirigido por Julio C\u00e9sar Falcioni se entren\u00f3 este lunes por la ma\u00f1ana y <strong>una de las buenas noticias de la jornada fue la vuelta de Lucas Rodr\u00edguez<\/strong>.<\/p>\n<p>Mientras que los futbolistas que jugaron ante Talleres realizaron trabajos f\u00edsicos regenerativos y movimientos livianos con pelota &#8211;<a href=\"https:\/\/www.locoxelrojo.com\/independiente\/2021\/04\/05\/sosa-volvio-a-contagiarse-y-se-pierde-el-clasico\/\">salvo Sebasti\u00e1n Sosa<\/a>-, el Emperador cont\u00f3 con el regreso del lateral <a href=\"https:\/\/www.locoxelrojo.com\/independiente\/2021\/04\/05\/recupero-a-rodriguez\/\">y otros dos futbolistas<\/a>.<\/p>\n<p>Uno de ellos es Rodr\u00edguez, quien <strong>ya est\u00e1 totalmente recuperado de su sobrecarga muscular<\/strong>. <a href=\"https:\/\/www.locoxelrojo.com\/independiente\/2021\/03\/28\/una-baja-a-ultimo-momento-2\/\">Dicha lesi\u00f3n lo hab\u00eda marginado de los \u00faltimos dos partidos<\/a>: Boca y Talleres.<\/p>\n<p>El plantel de Independiente ya se encuentra definitivamente pensando en el Cl\u00e1sico frente a Racing para <a href=\"https:\/\/www.locoxelrojo.com\/independiente\/2021\/04\/04\/asi-quedo-la-tabla-sigue-clasificando\/\">no perder m\u00e1s puntos en el campeonato<\/a>.<\/p>\n","protected":false},"excerpt":{"rendered":"<p>El grupo dirigido por Julio C\u00e9sar Falcioni se entren\u00f3 este lunes por la ma\u00f1ana y una de las buenas noticias de la jornada fue la vuelta de Lucas Rodr\u00edguez. Mientras que los futbolistas que jugaron ante Talleres realizaron trabajos f\u00edsicos regenerativos y movimientos livianos con pelota &#8211;salvo Sebasti\u00e1n Sosa-, el Emperador cont\u00f3 con el regreso [&hellip;]<\/p>\n","protected":false},"author":101026,"featured_media":93434,"comment_status":"open","ping_status":"closed","sticky":false,"template":"","format":"standard","meta":{"_links_to":"","_links_to_target":""},"categories":[3247,3],"tags":[153,26,2300,4647,1683,1994],"_links":{"self":[{"href":"https:\/\/www.locoxelrojo.com\/independiente\/wp-json\/wp\/v2\/posts\/94875"}],"collection":[{"href":"https:\/\/www.locoxelrojo.com\/independiente\/wp-json\/wp\/v2\/posts"}],"about":[{"href":"https:\/\/www.locoxelrojo.com\/independiente\/wp-json\/wp\/v2\/types\/post"}],"author":[{"embeddable":true,"href":"https:\/\/www.locoxelrojo.com\/independiente\/wp-json\/wp\/v2\/users\/101026"}],"replies":[{"embeddable":true,"href":"https:\/\/www.locoxelrojo.com\/independiente\/wp-json\/wp\/v2\/comments?post=94875"}],"version-history":[{"count":3,"href":"https:\/\/www.locoxelrojo.com\/independiente\/wp-json\/wp\/v2\/posts\/94875\/revisions"}],"predecessor-version":[{"id":94882,"href":"https:\/\/www.locoxelrojo.com\/independiente\/wp-json\/wp\/v2\/posts\/94875\/revisions\/94882"}],"wp:featuredmedia":[{"embeddable":true,"href":"https:\/\/www.locoxelrojo.com\/independiente\/wp-json\/wp\/v2\/media\/93434"}],"wp:attachment":[{"href":"https:\/\/www.locoxelrojo.com\/independiente\/wp-json\/wp\/v2\/media?parent=94875"}],"wp:term":[{"taxonomy":"category","embeddable":true,"href":"https:\/\/www.locoxelrojo.com\/independiente\/wp-json\/wp\/v2\/categories?post=94875"},{"taxonomy":"post_tag","embeddable":true,"href":"https:\/\/www.locoxelrojo.com\/independiente\/wp-json\/wp\/v2\/tags?post=94875"}],"curies":[{"name":"wp","href":"https:\/\/api.w.org\/{rel}","templated":true}]}}