{"id":9491,"date":"2011-07-15T15:07:39","date_gmt":"2011-07-15T18:07:39","guid":{"rendered":"http:\/\/www.locoxelrojo.com.ar\/independiente\/?p=9491"},"modified":"2015-09-14T22:40:00","modified_gmt":"2015-09-15T01:40:00","slug":"kun-aguero-soy-de-independiente-no-del-atletico","status":"publish","type":"post","link":"https:\/\/www.locoxelrojo.com\/independiente\/2011\/07\/15\/kun-aguero-soy-de-independiente-no-del-atletico\/","title":{"rendered":"Ag\u00fcero: &#8220;Soy de Independiente, no del Atl\u00e9tico&#8221;"},"content":{"rendered":"<p><a href=\"http:\/\/www.locoxelrojo.com.ar\/independiente\/wp-content\/uploads\/2011\/07\/kun-independiente.jpg\"><img loading=\"lazy\" class=\"alignnone size-full wp-image-9492\" title=\"kun-independiente\" src=\"http:\/\/www.locoxelrojo.com.ar\/independiente\/wp-content\/uploads\/2011\/07\/kun-independiente.jpg\" alt=\"\" width=\"590\" height=\"315\" srcset=\"https:\/\/locoxelrojo.com\/independiente\/wp-content\/uploads\/2011\/07\/kun-independiente.jpg 590w, https:\/\/locoxelrojo.com\/independiente\/wp-content\/uploads\/2011\/07\/kun-independiente-300x160.jpg 300w\" sizes=\"(max-width: 590px) 100vw, 590px\" \/><\/a><\/p>\n<p>Al finalizar la temporada del f\u00fatbol europeo, Sergio Ag\u00fcero a trav\u00e9s de un comunicado en su Sitio Web, dej\u00f3 en claro sus intenciones: no jugar m\u00e1s en el Atl\u00e9tico Madrid. Desde ese momento, los grandes clubes del f\u00fatbol europeo se disputan los servicios del Kun.<\/p>\n<p>El ex Independiente, hoy en d\u00eda figura de la Selecci\u00f3n Argentina de Sergio Batista que est\u00e1 disputando la Copa Am\u00e9rica en nuestro pa\u00eds, habl\u00f3 en radio <strong>La Red<\/strong> y dej\u00f3 en claro su postura. <strong>\u201cYo no jugar\u00eda en Racing, pero el Madrid\u2026 Pongan los boletos a los clubes que quieran, menos al Atl\u00e9tico. Quiero salir y lo dej\u00e9 claro, soy de Independiente, no del Atl\u00e9tico. Tratar\u00e9 de buscar lo mejor. No me veo ah\u00ed. No puedo mentir. Quiero cambiar de aires y trabajan los clubes y mis representantes\u201d<\/strong>, cortito y al pie.<\/p>\n<p>Expres\u00f3 que si les dijera a los hinchas del Atl\u00e9tico que continuar\u00eda en el club les <strong>\u201cestar\u00eda mintiendo\u201d<\/strong>. \u00bfD\u00f3nde va a estar jugado el Kun en la pr\u00f3xima temporada?:<strong> \u201cNo tengo ni idea de los clubes, pero el f\u00fatbol ingl\u00e9s y el espa\u00f1ol son pa\u00edses que me atraen futbol\u00edsticamente\u201d<\/strong>.<\/p>\n<p>Por si todav\u00eda a alguno le quedaban dudas del amor que el Kun Ag\u00fcero tiene con Independiente.<\/p>\n","protected":false},"excerpt":{"rendered":"<p>Al finalizar la temporada del f\u00fatbol europeo, Sergio Ag\u00fcero a trav\u00e9s de un comunicado en su Sitio Web, dej\u00f3 en claro sus intenciones: no jugar m\u00e1s en el Atl\u00e9tico Madrid. Desde ese momento, los grandes clubes del f\u00fatbol europeo se disputan los servicios del Kun. El ex Independiente, hoy en d\u00eda figura de la Selecci\u00f3n [&hellip;]<\/p>\n","protected":false},"author":1,"featured_media":0,"comment_status":"open","ping_status":"open","sticky":false,"template":"","format":"standard","meta":{"_links_to":"","_links_to_target":""},"categories":[1],"tags":[716,153,62,426],"_links":{"self":[{"href":"https:\/\/www.locoxelrojo.com\/independiente\/wp-json\/wp\/v2\/posts\/9491"}],"collection":[{"href":"https:\/\/www.locoxelrojo.com\/independiente\/wp-json\/wp\/v2\/posts"}],"about":[{"href":"https:\/\/www.locoxelrojo.com\/independiente\/wp-json\/wp\/v2\/types\/post"}],"author":[{"embeddable":true,"href":"https:\/\/www.locoxelrojo.com\/independiente\/wp-json\/wp\/v2\/users\/1"}],"replies":[{"embeddable":true,"href":"https:\/\/www.locoxelrojo.com\/independiente\/wp-json\/wp\/v2\/comments?post=9491"}],"version-history":[{"count":0,"href":"https:\/\/www.locoxelrojo.com\/independiente\/wp-json\/wp\/v2\/posts\/9491\/revisions"}],"wp:attachment":[{"href":"https:\/\/www.locoxelrojo.com\/independiente\/wp-json\/wp\/v2\/media?parent=9491"}],"wp:term":[{"taxonomy":"category","embeddable":true,"href":"https:\/\/www.locoxelrojo.com\/independiente\/wp-json\/wp\/v2\/categories?post=9491"},{"taxonomy":"post_tag","embeddable":true,"href":"https:\/\/www.locoxelrojo.com\/independiente\/wp-json\/wp\/v2\/tags?post=9491"}],"curies":[{"name":"wp","href":"https:\/\/api.w.org\/{rel}","templated":true}]}}