{"id":95227,"date":"2021-04-15T13:53:58","date_gmt":"2021-04-15T16:53:58","guid":{"rendered":"https:\/\/www.locoxelrojo.com\/independiente\/?p=95227"},"modified":"2021-04-15T13:55:11","modified_gmt":"2021-04-15T16:55:11","slug":"dudas-atras-y-en-el-medio","status":"publish","type":"post","link":"https:\/\/www.locoxelrojo.com\/independiente\/2021\/04\/15\/dudas-atras-y-en-el-medio\/","title":{"rendered":"Dudas atr\u00e1s y en el medio"},"content":{"rendered":"<p><strong>Independiente se prepara para recibir a Defensa y Justicia en un partido clave para sus aspiraciones en la Copa de la Liga. Podr\u00eda haber cambio de esquema y de nombres para este domingo.<\/strong><\/p>\n<p>Con la supervisi\u00f3n de Julio C\u00e9sar Falcioni desde su casa, el ayudante Omar P\u00edccoli prob\u00f3 dos equipos en la pr\u00e1ctica de esta ma\u00f1ana. En principio, <a href=\"https:\/\/www.locoxelrojo.com\/independiente\/2021\/04\/15\/recupero-a-tres-soldados\/\">la vuelta de Sebasti\u00e1n Sosa, ya recuperado del coronavirus, parece ser un hecho<\/a>. Pero el ensayo de f\u00fatbol dej\u00f3 entrever que todav\u00eda hay algunas dudas en la defensa y en el mediocampo.<\/p>\n<p>P\u00edccoli prob\u00f3 primero una formaci\u00f3n 4-4-2 moviendo varias piezas y cambiando algunos nombres. <strong>La principal sorpresa fue la presencia de Juan Ignacio Pacchini<\/strong>, quien por estas horas parece ganarle la pulseada a Pablo Hern\u00e1ndez para integrar el doble 5 (Lucas Gonz\u00e1lez todav\u00eda necesita unos d\u00edas de adaptaci\u00f3n).<\/p>\n<p>Los once fueron <strong>Sosa; Fabricio Bustos, Sergio Barreto, Juan Manuel Insaurralde, Lucas Rodr\u00edguez; Jonathan Men\u00e9ndez, Pacchini, Adri\u00e1n Arregui, Andr\u00e9s Roa; Sebasti\u00e1n Palacios y Silvio Romero<\/strong>.<\/p>\n<p>M\u00e1s tarde, volvi\u00f3 la l\u00ednea de cinco defensores. El ayudante de Falcioni quiso <strong>probar a Ayrton Costa<\/strong> para ver c\u00f3mo estaba tras la lesi\u00f3n, sac\u00f3 del equipo a Men\u00e9ndez y ensay\u00f3 con Roa como una suerte de enganche. Adem\u00e1s, le dio minutos a Gast\u00f3n Togni porque Rodr\u00edguez pidi\u00f3 el cambio.<\/p>\n<p>Este segundo equipo se par\u00f3 con un esquema 5-2-1-2, con <strong>Sosa; Bustos, Barreto, Insaurralde, Costa, Togni; Pacchini, Arregui; Roa; Romero y Palacios<\/strong>. Todav\u00eda quedan dos entrenamientos m\u00e1s y ah\u00ed terminar\u00e1 de definirse el equipo para el domingo.<\/p>\n","protected":false},"excerpt":{"rendered":"<p>Independiente se prepara para recibir a Defensa y Justicia en un partido clave para sus aspiraciones en la Copa de la Liga. Podr\u00eda haber cambio de esquema y de nombres para este domingo. Con la supervisi\u00f3n de Julio C\u00e9sar Falcioni desde su casa, el ayudante Omar P\u00edccoli prob\u00f3 dos equipos en la pr\u00e1ctica de esta [&hellip;]<\/p>\n","protected":false},"author":8,"featured_media":95228,"comment_status":"open","ping_status":"closed","sticky":false,"template":"","format":"standard","meta":{"_links_to":"","_links_to_target":""},"categories":[3247,3],"tags":[26,172],"_links":{"self":[{"href":"https:\/\/www.locoxelrojo.com\/independiente\/wp-json\/wp\/v2\/posts\/95227"}],"collection":[{"href":"https:\/\/www.locoxelrojo.com\/independiente\/wp-json\/wp\/v2\/posts"}],"about":[{"href":"https:\/\/www.locoxelrojo.com\/independiente\/wp-json\/wp\/v2\/types\/post"}],"author":[{"embeddable":true,"href":"https:\/\/www.locoxelrojo.com\/independiente\/wp-json\/wp\/v2\/users\/8"}],"replies":[{"embeddable":true,"href":"https:\/\/www.locoxelrojo.com\/independiente\/wp-json\/wp\/v2\/comments?post=95227"}],"version-history":[{"count":2,"href":"https:\/\/www.locoxelrojo.com\/independiente\/wp-json\/wp\/v2\/posts\/95227\/revisions"}],"predecessor-version":[{"id":95231,"href":"https:\/\/www.locoxelrojo.com\/independiente\/wp-json\/wp\/v2\/posts\/95227\/revisions\/95231"}],"wp:featuredmedia":[{"embeddable":true,"href":"https:\/\/www.locoxelrojo.com\/independiente\/wp-json\/wp\/v2\/media\/95228"}],"wp:attachment":[{"href":"https:\/\/www.locoxelrojo.com\/independiente\/wp-json\/wp\/v2\/media?parent=95227"}],"wp:term":[{"taxonomy":"category","embeddable":true,"href":"https:\/\/www.locoxelrojo.com\/independiente\/wp-json\/wp\/v2\/categories?post=95227"},{"taxonomy":"post_tag","embeddable":true,"href":"https:\/\/www.locoxelrojo.com\/independiente\/wp-json\/wp\/v2\/tags?post=95227"}],"curies":[{"name":"wp","href":"https:\/\/api.w.org\/{rel}","templated":true}]}}