{"id":95268,"date":"2021-04-16T11:00:26","date_gmt":"2021-04-16T14:00:26","guid":{"rendered":"https:\/\/www.locoxelrojo.com\/independiente\/?p=95268"},"modified":"2021-04-16T14:34:51","modified_gmt":"2021-04-16T17:34:51","slug":"cinco-altas","status":"publish","type":"post","link":"https:\/\/www.locoxelrojo.com\/independiente\/2021\/04\/16\/cinco-altas\/","title":{"rendered":"Cinco altas"},"content":{"rendered":"<p>El plantel de Independiente comienza a completarse despu\u00e9s del fuerte brote de Covid-19. <strong>Hoy recibieron el alta 5 futbolistas, <a href=\"https:\/\/www.locoxelrojo.com\/independiente\/2021\/04\/16\/iba-a-ser-titular-y-dio-positivo-de-coronavirus\/\">pero sufri\u00f3 la baja de Adri\u00e1n Arregui.<\/a><\/strong><\/p>\n<p><strong>Lucas Romero, Domingo Blanco, Thom\u00e1s Ortega, Gonzalo As\u00eds y Nicol\u00e1s Messiniti<\/strong> tuvieron el alta epidemiol\u00f3gica despu\u00e9s de atravesar la enfermedad. Algunos con m\u00e1s s\u00edntomas que otros, pero por suerte, sin sufrir grandes consecuencias, <strong>ya est\u00e1n a disposici\u00f3n del cuerpo t\u00e9cnico y este viernes estuvieron presentes en el entrenamiento del Rojo junto al resto de sus compa\u00f1eros.<\/strong><\/p>\n<p>De cara al partido con Defensa y Justicia del fin de semana, todos los jugadores se sometieron a testeos y <strong>Arregui<\/strong>, quien iba a jugar desde el arranque, <strong>fue el \u00fanico que dio positivo y ya se encuentra aislado a la espera del PCR.<\/strong><\/p>\n<p>Arregui y <a href=\"https:\/\/www.locoxelrojo.com\/independiente\/2021\/04\/13\/monzon-se-suma-a-los-contagiados\/\">Pedro Dami\u00e1n Monz\u00f3n<\/a> fueron los \u00faltimos contagiados y se suman a la lista que a\u00fan les falta recibir el alta: <strong>Julio Falcioni, Gustavo Otero, Ezequiel Mu\u00f1oz, Diego Segovia y Alan So\u00f1ora.<\/strong><\/p>\n","protected":false},"excerpt":{"rendered":"<p>El plantel de Independiente comienza a completarse despu\u00e9s del fuerte brote de Covid-19. Hoy recibieron el alta 5 futbolistas, pero sufri\u00f3 la baja de Adri\u00e1n Arregui. Lucas Romero, Domingo Blanco, Thom\u00e1s Ortega, Gonzalo As\u00eds y Nicol\u00e1s Messiniti tuvieron el alta epidemiol\u00f3gica despu\u00e9s de atravesar la enfermedad. Algunos con m\u00e1s s\u00edntomas que otros, pero por suerte, [&hellip;]<\/p>\n","protected":false},"author":1,"featured_media":95269,"comment_status":"open","ping_status":"closed","sticky":false,"template":"","format":"standard","meta":{"_links_to":"","_links_to_target":""},"categories":[3247,3],"tags":[3434,153,4512,2958,3374,2768,3109,4088],"_links":{"self":[{"href":"https:\/\/www.locoxelrojo.com\/independiente\/wp-json\/wp\/v2\/posts\/95268"}],"collection":[{"href":"https:\/\/www.locoxelrojo.com\/independiente\/wp-json\/wp\/v2\/posts"}],"about":[{"href":"https:\/\/www.locoxelrojo.com\/independiente\/wp-json\/wp\/v2\/types\/post"}],"author":[{"embeddable":true,"href":"https:\/\/www.locoxelrojo.com\/independiente\/wp-json\/wp\/v2\/users\/1"}],"replies":[{"embeddable":true,"href":"https:\/\/www.locoxelrojo.com\/independiente\/wp-json\/wp\/v2\/comments?post=95268"}],"version-history":[{"count":1,"href":"https:\/\/www.locoxelrojo.com\/independiente\/wp-json\/wp\/v2\/posts\/95268\/revisions"}],"predecessor-version":[{"id":95270,"href":"https:\/\/www.locoxelrojo.com\/independiente\/wp-json\/wp\/v2\/posts\/95268\/revisions\/95270"}],"wp:featuredmedia":[{"embeddable":true,"href":"https:\/\/www.locoxelrojo.com\/independiente\/wp-json\/wp\/v2\/media\/95269"}],"wp:attachment":[{"href":"https:\/\/www.locoxelrojo.com\/independiente\/wp-json\/wp\/v2\/media?parent=95268"}],"wp:term":[{"taxonomy":"category","embeddable":true,"href":"https:\/\/www.locoxelrojo.com\/independiente\/wp-json\/wp\/v2\/categories?post=95268"},{"taxonomy":"post_tag","embeddable":true,"href":"https:\/\/www.locoxelrojo.com\/independiente\/wp-json\/wp\/v2\/tags?post=95268"}],"curies":[{"name":"wp","href":"https:\/\/api.w.org\/{rel}","templated":true}]}}