{"id":95276,"date":"2021-04-16T18:11:32","date_gmt":"2021-04-16T21:11:32","guid":{"rendered":"https:\/\/www.locoxelrojo.com\/independiente\/?p=95276"},"modified":"2021-04-16T18:11:32","modified_gmt":"2021-04-16T21:11:32","slug":"cambio-de-horario-para-recibir-a-defensa-y-justicia","status":"publish","type":"post","link":"https:\/\/www.locoxelrojo.com\/independiente\/2021\/04\/16\/cambio-de-horario-para-recibir-a-defensa-y-justicia\/","title":{"rendered":"Cambio de horario para recibir a Defensa y Justicia"},"content":{"rendered":"<p>Luego del pedido del Gobierno Nacional a la Asociaci\u00f3n del F\u00fatbol Argentino, se reprogramaron varios partidos del \u00c1rea Metropolitana de Buenos Aires. <strong>Esto afecta al partido de este domingo entre Independiente y Defensa y Justicia.<\/strong><\/p>\n<p><strong>Todo comenz\u00f3 con la sugerencia del Secretario de Seguridad de la Naci\u00f3n, Eduardo Villalba, para que los encuentros del AMBA finalicen antes de las 20<\/strong>, horario en que entra el curso la prohibici\u00f3n de circulaci\u00f3n en la v\u00eda p\u00fablica. Por eso, como el Rojo recib\u00eda al Halc\u00f3n a las 21 form\u00f3 parte de la lista de partidos que se modificaron.<\/p>\n<p>Finalmente, <strong>se mantiene el d\u00eda domingo 18 de abril en el Libertadores de Am\u00e9rica, pero se jugar\u00e1 a las 18.<\/strong><\/p>\n<blockquote class=\"twitter-tweet\" data-width=\"550\" data-dnt=\"true\">\n<p lang=\"es\" dir=\"ltr\">\ud83d\udea8 Cambio de horario<a href=\"https:\/\/twitter.com\/hashtag\/Independiente?src=hash&amp;ref_src=twsrc%5Etfw\">#Independiente<\/a> recibir\u00e1 a Defensa y Justicia el domingo a las 18.<a href=\"https:\/\/twitter.com\/hashtag\/TodoRojo?src=hash&amp;ref_src=twsrc%5Etfw\">#TodoRojo<\/a> \ud83d\udd34 <a href=\"https:\/\/t.co\/kJOW45Misw\">pic.twitter.com\/kJOW45Misw<\/a><\/p>\n<p>&mdash; C. A. Independiente (@Independiente) <a href=\"https:\/\/twitter.com\/Independiente\/status\/1383130049881247749?ref_src=twsrc%5Etfw\">April 16, 2021<\/a><\/p><\/blockquote>\n<p><script async src=\"https:\/\/platform.twitter.com\/widgets.js\" charset=\"utf-8\"><\/script><\/p>\n<p>&nbsp;<\/p>\n","protected":false},"excerpt":{"rendered":"<p>Luego del pedido del Gobierno Nacional a la Asociaci\u00f3n del F\u00fatbol Argentino, se reprogramaron varios partidos del \u00c1rea Metropolitana de Buenos Aires. Esto afecta al partido de este domingo entre Independiente y Defensa y Justicia. Todo comenz\u00f3 con la sugerencia del Secretario de Seguridad de la Naci\u00f3n, Eduardo Villalba, para que los encuentros del AMBA [&hellip;]<\/p>\n","protected":false},"author":1,"featured_media":95277,"comment_status":"open","ping_status":"closed","sticky":false,"template":"","format":"standard","meta":{"_links_to":"","_links_to_target":""},"categories":[3247,3],"tags":[218,153,4784,896,4570],"_links":{"self":[{"href":"https:\/\/www.locoxelrojo.com\/independiente\/wp-json\/wp\/v2\/posts\/95276"}],"collection":[{"href":"https:\/\/www.locoxelrojo.com\/independiente\/wp-json\/wp\/v2\/posts"}],"about":[{"href":"https:\/\/www.locoxelrojo.com\/independiente\/wp-json\/wp\/v2\/types\/post"}],"author":[{"embeddable":true,"href":"https:\/\/www.locoxelrojo.com\/independiente\/wp-json\/wp\/v2\/users\/1"}],"replies":[{"embeddable":true,"href":"https:\/\/www.locoxelrojo.com\/independiente\/wp-json\/wp\/v2\/comments?post=95276"}],"version-history":[{"count":1,"href":"https:\/\/www.locoxelrojo.com\/independiente\/wp-json\/wp\/v2\/posts\/95276\/revisions"}],"predecessor-version":[{"id":95278,"href":"https:\/\/www.locoxelrojo.com\/independiente\/wp-json\/wp\/v2\/posts\/95276\/revisions\/95278"}],"wp:featuredmedia":[{"embeddable":true,"href":"https:\/\/www.locoxelrojo.com\/independiente\/wp-json\/wp\/v2\/media\/95277"}],"wp:attachment":[{"href":"https:\/\/www.locoxelrojo.com\/independiente\/wp-json\/wp\/v2\/media?parent=95276"}],"wp:term":[{"taxonomy":"category","embeddable":true,"href":"https:\/\/www.locoxelrojo.com\/independiente\/wp-json\/wp\/v2\/categories?post=95276"},{"taxonomy":"post_tag","embeddable":true,"href":"https:\/\/www.locoxelrojo.com\/independiente\/wp-json\/wp\/v2\/tags?post=95276"}],"curies":[{"name":"wp","href":"https:\/\/api.w.org\/{rel}","templated":true}]}}