{"id":9529,"date":"2011-07-17T02:21:49","date_gmt":"2011-07-17T05:21:49","guid":{"rendered":"http:\/\/www.locoxelrojo.com.ar\/independiente\/?p=9529"},"modified":"2015-09-14T22:49:37","modified_gmt":"2015-09-15T01:49:37","slug":"ficha-del-partido-vs-monterrey","status":"publish","type":"post","link":"https:\/\/www.locoxelrojo.com\/independiente\/2011\/07\/17\/ficha-del-partido-vs-monterrey\/","title":{"rendered":"Ficha del partido vs. Monterrey"},"content":{"rendered":"<p><a href=\"http:\/\/www.locoxelrojo.com.ar\/independiente\/wp-content\/uploads\/2011\/07\/fichamonterreycai.jpg\"><img loading=\"lazy\" class=\"alignnone size-full wp-image-9552\" title=\"fichamonterreycai\" src=\"http:\/\/www.locoxelrojo.com.ar\/independiente\/wp-content\/uploads\/2011\/07\/fichamonterreycai.jpg\" alt=\"\" width=\"590\" height=\"315\" srcset=\"https:\/\/locoxelrojo.com\/independiente\/wp-content\/uploads\/2011\/07\/fichamonterreycai.jpg 590w, https:\/\/locoxelrojo.com\/independiente\/wp-content\/uploads\/2011\/07\/fichamonterreycai-300x160.jpg 300w\" sizes=\"(max-width: 590px) 100vw, 590px\" \/><\/a><\/p>\n<p><strong>Monterrey (1):<\/strong> Jonathan Orozco; \u00a0William Paredes, Jos\u00e9 Basanta, H\u00e9ctor\u00a0Morales, Luis\u00a0P\u00e9rez; Jes\u00fas Zavala,\u00a0Neri Cardozo,\u00a0Jes\u00fas Arellano,\u00a0Sergio Santana,\u00a0Sergio\u00a0P\u00e9rez,\u00a0Abraham\u00a0Carre\u00f1o. DT: V\u00edctor Vucetich.<\/p>\n<p><strong>Independiente (0):<\/strong> Fabi\u00e1n Assmann; Iv\u00e1n V\u00e9lez, Juli\u00e1n Vel\u00e1zquez, Eduardo Tuzzio, Maximiliano Vel\u00e1zquez; Nicol\u00e1s Cabrera, Roberto Batti\u00f3n, Iv\u00e1n P\u00e9rez, Hern\u00e1n Fredes; Leonel N\u00fa\u00f1ez y Facundo Parra. DT: Antonio Mohamed.<\/p>\n<p><strong>Goles:<\/strong> 24&#8242; ST\u00a0Jes\u00fas Zavala (M).<\/p>\n<p><strong>Cambios: <\/strong>Adri\u00e1n Gabbarini por Fabi\u00e1n Assmann, Javier B\u00e1ez por Eduardo Tuzzio, Patricio Rodr\u00edguez por Iv\u00e1n P\u00e9rez, Nicol\u00e1s Delmonte por Nicol\u00e1s Cabrera, Osmar Ferreyra por Leonel N\u00fa\u00f1ez, Gabril Vall\u00e9s por Maximiliano Vel\u00e1zquez e Ignacio Barcia por Roberto Batti\u00f3n.<\/p>\n<p><strong>Amonestados: <\/strong>Juli\u00e1n Vel\u00e1zquez, Patricio Rodr\u00edguez y Javier B\u00e1ez (I).<\/p>\n<p><strong>Expulsados: <\/strong>No hubo.<\/p>\n<p><strong>Estadio: <\/strong>Tecnol\u00f3gico de Monterrey.<\/p>\n","protected":false},"excerpt":{"rendered":"<p>Monterrey (1): Jonathan Orozco; \u00a0William Paredes, Jos\u00e9 Basanta, H\u00e9ctor\u00a0Morales, Luis\u00a0P\u00e9rez; Jes\u00fas Zavala,\u00a0Neri Cardozo,\u00a0Jes\u00fas Arellano,\u00a0Sergio Santana,\u00a0Sergio\u00a0P\u00e9rez,\u00a0Abraham\u00a0Carre\u00f1o. DT: V\u00edctor Vucetich. Independiente (0): Fabi\u00e1n Assmann; Iv\u00e1n V\u00e9lez, Juli\u00e1n Vel\u00e1zquez, Eduardo Tuzzio, Maximiliano Vel\u00e1zquez; Nicol\u00e1s Cabrera, Roberto Batti\u00f3n, Iv\u00e1n P\u00e9rez, Hern\u00e1n Fredes; Leonel N\u00fa\u00f1ez y Facundo Parra. DT: Antonio Mohamed. Goles: 24&#8242; ST\u00a0Jes\u00fas Zavala (M). Cambios: Adri\u00e1n Gabbarini por [&hellip;]<\/p>\n","protected":false},"author":1,"featured_media":0,"comment_status":"open","ping_status":"open","sticky":false,"template":"","format":"standard","meta":{"_links_to":"","_links_to_target":""},"categories":[1988,3,1],"tags":[3038,153,295,809],"_links":{"self":[{"href":"https:\/\/www.locoxelrojo.com\/independiente\/wp-json\/wp\/v2\/posts\/9529"}],"collection":[{"href":"https:\/\/www.locoxelrojo.com\/independiente\/wp-json\/wp\/v2\/posts"}],"about":[{"href":"https:\/\/www.locoxelrojo.com\/independiente\/wp-json\/wp\/v2\/types\/post"}],"author":[{"embeddable":true,"href":"https:\/\/www.locoxelrojo.com\/independiente\/wp-json\/wp\/v2\/users\/1"}],"replies":[{"embeddable":true,"href":"https:\/\/www.locoxelrojo.com\/independiente\/wp-json\/wp\/v2\/comments?post=9529"}],"version-history":[{"count":0,"href":"https:\/\/www.locoxelrojo.com\/independiente\/wp-json\/wp\/v2\/posts\/9529\/revisions"}],"wp:attachment":[{"href":"https:\/\/www.locoxelrojo.com\/independiente\/wp-json\/wp\/v2\/media?parent=9529"}],"wp:term":[{"taxonomy":"category","embeddable":true,"href":"https:\/\/www.locoxelrojo.com\/independiente\/wp-json\/wp\/v2\/categories?post=9529"},{"taxonomy":"post_tag","embeddable":true,"href":"https:\/\/www.locoxelrojo.com\/independiente\/wp-json\/wp\/v2\/tags?post=9529"}],"curies":[{"name":"wp","href":"https:\/\/api.w.org\/{rel}","templated":true}]}}