{"id":95303,"date":"2021-04-17T10:51:38","date_gmt":"2021-04-17T13:51:38","guid":{"rendered":"https:\/\/www.locoxelrojo.com\/independiente\/?p=95303"},"modified":"2021-04-17T18:52:23","modified_gmt":"2021-04-17T21:52:23","slug":"una-duda-en-el-medio","status":"publish","type":"post","link":"https:\/\/www.locoxelrojo.com\/independiente\/2021\/04\/17\/una-duda-en-el-medio\/","title":{"rendered":"Una duda en el medio"},"content":{"rendered":"<p>De de cara al partido de este domingo ante Defensa y Justicia, hay una sola duda en el mediocampo de Independiente: <strong>Lucas Romero o Juan Ignacio Pacchini.<\/strong><\/p>\n<p>En los distintos trabajos semanales, Omar Piccoli, ayudante de Julio C\u00e9sar Falcioni qui\u00e9n permanece aislado producto del Covid-19, ensay\u00f3 algunas variantes. Finalmente, <strong>en la pr\u00e1ctica de este s\u00e1bado qued\u00f3 conforme con un esquema: el 4-2-3-1.<\/strong> Pero <a href=\"https:\/\/www.locoxelrojo.com\/independiente\/2021\/04\/16\/iba-a-ser-titular-y-dio-positivo-de-coronavirus\/\">la baja de Adri\u00e1n Arregui<\/a> le gener\u00f3 m\u00e1s de un dolor de cabeza para armar el doble cinco.<\/p>\n<p><a href=\"https:\/\/www.locoxelrojo.com\/independiente\/2021\/04\/16\/cinco-altas\/\">Tanto Domingo Blanco como Lucas Romero tuvieron el alta epidemiol\u00f3gico<\/a> y, ante este panorama, <strong>este \u00faltimo tiene grandes chances de jugar desde el arranque. Si el Perro no lo hace, lo har\u00e1 Pacchini.<\/strong> El que s\u00ed se meti\u00f3 dentro del once inicial despu\u00e9s de varios problemas que tuvo en una de sus rodillas fue <strong>Pablo Hern\u00e1ndez<\/strong>. Y otro al que favoreci\u00f3 este cambio de esquema fue al colombiano <strong>Andr\u00e9s Roa<\/strong>, que ser\u00e1 de la partida acompa\u00f1ando al tridente de ataque conformado por Jonathan Men\u00e9ndez, Sebasti\u00e1n Palacios y Silvio Romero.<\/p>\n<p>De esta manera, el probable equipo <a href=\"https:\/\/www.locoxelrojo.com\/independiente\/2021\/04\/16\/cambio-de-horario-para-recibir-a-defensa-y-justicia\/\">para recibir al Halc\u00f3n este domingo en el Libertadores de Am\u00e9rica desde las 18<\/a>, es: <strong>Milton \u00c1lvarez; Fabricio Bustos, Sergio Barreto, Juan Manuel Insaurralde, Lucas Rodr\u00edguez; Romero o Pacchini, Hern\u00e1ndez; Men\u00e9ndez, Roa, Palacios y Romero.<\/strong><\/p>\n","protected":false},"excerpt":{"rendered":"<p>De de cara al partido de este domingo ante Defensa y Justicia, hay una sola duda en el mediocampo de Independiente: Lucas Romero o Juan Ignacio Pacchini. En los distintos trabajos semanales, Omar Piccoli, ayudante de Julio C\u00e9sar Falcioni qui\u00e9n permanece aislado producto del Covid-19, ensay\u00f3 algunas variantes. Finalmente, en la pr\u00e1ctica de este s\u00e1bado [&hellip;]<\/p>\n","protected":false},"author":1,"featured_media":95304,"comment_status":"open","ping_status":"closed","sticky":false,"template":"","format":"standard","meta":{"_links_to":"","_links_to_target":""},"categories":[3247,3],"tags":[26,4604,2768,4834,172],"_links":{"self":[{"href":"https:\/\/www.locoxelrojo.com\/independiente\/wp-json\/wp\/v2\/posts\/95303"}],"collection":[{"href":"https:\/\/www.locoxelrojo.com\/independiente\/wp-json\/wp\/v2\/posts"}],"about":[{"href":"https:\/\/www.locoxelrojo.com\/independiente\/wp-json\/wp\/v2\/types\/post"}],"author":[{"embeddable":true,"href":"https:\/\/www.locoxelrojo.com\/independiente\/wp-json\/wp\/v2\/users\/1"}],"replies":[{"embeddable":true,"href":"https:\/\/www.locoxelrojo.com\/independiente\/wp-json\/wp\/v2\/comments?post=95303"}],"version-history":[{"count":1,"href":"https:\/\/www.locoxelrojo.com\/independiente\/wp-json\/wp\/v2\/posts\/95303\/revisions"}],"predecessor-version":[{"id":95305,"href":"https:\/\/www.locoxelrojo.com\/independiente\/wp-json\/wp\/v2\/posts\/95303\/revisions\/95305"}],"wp:featuredmedia":[{"embeddable":true,"href":"https:\/\/www.locoxelrojo.com\/independiente\/wp-json\/wp\/v2\/media\/95304"}],"wp:attachment":[{"href":"https:\/\/www.locoxelrojo.com\/independiente\/wp-json\/wp\/v2\/media?parent=95303"}],"wp:term":[{"taxonomy":"category","embeddable":true,"href":"https:\/\/www.locoxelrojo.com\/independiente\/wp-json\/wp\/v2\/categories?post=95303"},{"taxonomy":"post_tag","embeddable":true,"href":"https:\/\/www.locoxelrojo.com\/independiente\/wp-json\/wp\/v2\/tags?post=95303"}],"curies":[{"name":"wp","href":"https:\/\/api.w.org\/{rel}","templated":true}]}}