{"id":95318,"date":"2021-04-18T18:01:33","date_gmt":"2021-04-18T21:01:33","guid":{"rendered":"https:\/\/www.locoxelrojo.com\/independiente\/?p=95318"},"modified":"2021-04-18T18:11:37","modified_gmt":"2021-04-18T21:11:37","slug":"el-tucu-desafectado-a-ultimo-momento","status":"publish","type":"post","link":"https:\/\/www.locoxelrojo.com\/independiente\/2021\/04\/18\/el-tucu-desafectado-a-ultimo-momento\/","title":{"rendered":"El Tucu, desafectado a \u00faltimo momento"},"content":{"rendered":"<p>Independiente sufri\u00f3 una baja de \u00faltimo momento previo al encuentro frente a Defensa y Justicia. Se trata de <strong>Pablo Hern\u00e1ndez<\/strong>, <strong>quien dio positivo en el test r\u00e1pido<\/strong>.<\/p>\n<p>Cuando todo parec\u00eda encaminarse a un doble cinco conformado por Adri\u00e1n Arregui y el Tucu Hern\u00e1ndez, el Covid volvi\u00f3 a hacer de las suyas. <strong>Este domingo el experimentado mediocampista de 34 a\u00f1os present\u00f3 s\u00edntomas y fue hisopado por precauci\u00f3n<\/strong>.<\/p>\n<p><strong>El test r\u00e1pido dio positivo y por eso se realiz\u00f3 el PCR correspondiente<\/strong>, seg\u00fan inform\u00f3 el club. Por esa raz\u00f3n, el jugador qued\u00f3 aislado y desafectado de la n\u00f3mina del partido ante el Halc\u00f3n.<\/p>\n<p>Cabe destacar que <a href=\"https:\/\/www.locoxelrojo.com\/independiente\/2021\/04\/16\/iba-a-ser-titular-y-dio-positivo-de-coronavirus\/\">el viernes hab\u00eda dado positivo el otro mediocampista central que iba a acompa\u00f1ar a Hern\u00e1ndez<\/a>. <strong>El Vikingo tambi\u00e9n dio positivo en el PCR y ahora contin\u00faa aislado y en buen estado de salud<\/strong>.<\/p>\n","protected":false},"excerpt":{"rendered":"<p>Independiente sufri\u00f3 una baja de \u00faltimo momento previo al encuentro frente a Defensa y Justicia. Se trata de Pablo Hern\u00e1ndez, quien dio positivo en el test r\u00e1pido. Cuando todo parec\u00eda encaminarse a un doble cinco conformado por Adri\u00e1n Arregui y el Tucu Hern\u00e1ndez, el Covid volvi\u00f3 a hacer de las suyas. Este domingo el experimentado [&hellip;]<\/p>\n","protected":false},"author":19,"featured_media":95322,"comment_status":"open","ping_status":"closed","sticky":false,"template":"","format":"standard","meta":{"_links_to":"","_links_to_target":""},"categories":[3247,3],"tags":[3434,153,4506,4512,896,2106],"_links":{"self":[{"href":"https:\/\/www.locoxelrojo.com\/independiente\/wp-json\/wp\/v2\/posts\/95318"}],"collection":[{"href":"https:\/\/www.locoxelrojo.com\/independiente\/wp-json\/wp\/v2\/posts"}],"about":[{"href":"https:\/\/www.locoxelrojo.com\/independiente\/wp-json\/wp\/v2\/types\/post"}],"author":[{"embeddable":true,"href":"https:\/\/www.locoxelrojo.com\/independiente\/wp-json\/wp\/v2\/users\/19"}],"replies":[{"embeddable":true,"href":"https:\/\/www.locoxelrojo.com\/independiente\/wp-json\/wp\/v2\/comments?post=95318"}],"version-history":[{"count":2,"href":"https:\/\/www.locoxelrojo.com\/independiente\/wp-json\/wp\/v2\/posts\/95318\/revisions"}],"predecessor-version":[{"id":95321,"href":"https:\/\/www.locoxelrojo.com\/independiente\/wp-json\/wp\/v2\/posts\/95318\/revisions\/95321"}],"wp:featuredmedia":[{"embeddable":true,"href":"https:\/\/www.locoxelrojo.com\/independiente\/wp-json\/wp\/v2\/media\/95322"}],"wp:attachment":[{"href":"https:\/\/www.locoxelrojo.com\/independiente\/wp-json\/wp\/v2\/media?parent=95318"}],"wp:term":[{"taxonomy":"category","embeddable":true,"href":"https:\/\/www.locoxelrojo.com\/independiente\/wp-json\/wp\/v2\/categories?post=95318"},{"taxonomy":"post_tag","embeddable":true,"href":"https:\/\/www.locoxelrojo.com\/independiente\/wp-json\/wp\/v2\/tags?post=95318"}],"curies":[{"name":"wp","href":"https:\/\/api.w.org\/{rel}","templated":true}]}}