{"id":95652,"date":"2021-04-26T15:13:32","date_gmt":"2021-04-26T18:13:32","guid":{"rendered":"https:\/\/www.locoxelrojo.com\/independiente\/?p=95652"},"modified":"2021-04-26T15:13:56","modified_gmt":"2021-04-26T18:13:56","slug":"con-la-cabeza-en-city-torque","status":"publish","type":"post","link":"https:\/\/www.locoxelrojo.com\/independiente\/2021\/04\/26\/con-la-cabeza-en-city-torque\/","title":{"rendered":"Con la cabeza en City Torque"},"content":{"rendered":"<p>El plantel de Independiente volvi\u00f3 a entrenarse este lunes por la ma\u00f1ana en el predio de Villa Dom\u00ednico con la mente puesta en el partido de este mi\u00e9rcoles por Copa Sudamericana ante Montevideo City Torque. <strong>La mala noticia de la jornada fue que Tom\u00e1s Pozzo no entren\u00f3 por presentar algunos s\u00edntomas.<\/strong><\/p>\n<p>El grupo comandado por Julio Falcioni, <a href=\"https:\/\/www.locoxelrojo.com\/independiente\/2021\/04\/26\/el-emperador-vuelve-a-su-trono\/\">qui\u00e9n dio negativo en el PCR y volver\u00e1 al banco para estar al frente del equipo<\/a>, <strong>comenz\u00f3 realizando circuitos de fuerza integral y luego hicieron movimientos de pelota.<\/strong> El entrenamiento culmin\u00f3 con <strong>resoluciones en ataque y defensa.<\/strong><\/p>\n<p>En cuanto al parte m\u00e9dico, <strong>los futbolistas que trabajaron diferenciado fueron: Ezequiel Mu\u00f1oz y Carlos Benav\u00eddez<\/strong>, que contin\u00faan con sus respectivas rehabilitaciones y <strong>Tom\u00e1s Pozzo, quien lleg\u00f3 al entrenamiento con leves s\u00edntomas.<\/strong> Fue hisopado dentro de su auto y se volvi\u00f3 a su casa por prevenci\u00f3n.<strong> Esta aislado moment\u00e1neamente a la espera del resultado PCR al igual que Milton \u00c1lvarez, <\/strong>que volvi\u00f3 solo de Santa Fe para no comprometer a sus compa\u00f1eros y aguarda los resultados de los test.<\/p>\n<p>La pr\u00f3xima pr\u00e1ctica ser\u00e1 el martes desde la ma\u00f1ana en el Centro de Alto Rendimiento, <strong>donde el Emperador diagramar\u00e1 el equipo para el duelo con los uruguayos<\/strong>. Por la noche, e<strong>l plantel quedar\u00e1 concentrado en el hotel Scala<\/strong>, en v\u00edsperas del enfrentamiento por la competencia continental.<\/p>\n","protected":false},"excerpt":{"rendered":"<p>El plantel de Independiente volvi\u00f3 a entrenarse este lunes por la ma\u00f1ana en el predio de Villa Dom\u00ednico con la mente puesta en el partido de este mi\u00e9rcoles por Copa Sudamericana ante Montevideo City Torque. La mala noticia de la jornada fue que Tom\u00e1s Pozzo no entren\u00f3 por presentar algunos s\u00edntomas. El grupo comandado por [&hellip;]<\/p>\n","protected":false},"author":101026,"featured_media":95653,"comment_status":"open","ping_status":"closed","sticky":false,"template":"","format":"standard","meta":{"_links_to":"","_links_to_target":""},"categories":[3247,3],"tags":[3758,153,3266,26,4597,385,3956,4255,172],"_links":{"self":[{"href":"https:\/\/www.locoxelrojo.com\/independiente\/wp-json\/wp\/v2\/posts\/95652"}],"collection":[{"href":"https:\/\/www.locoxelrojo.com\/independiente\/wp-json\/wp\/v2\/posts"}],"about":[{"href":"https:\/\/www.locoxelrojo.com\/independiente\/wp-json\/wp\/v2\/types\/post"}],"author":[{"embeddable":true,"href":"https:\/\/www.locoxelrojo.com\/independiente\/wp-json\/wp\/v2\/users\/101026"}],"replies":[{"embeddable":true,"href":"https:\/\/www.locoxelrojo.com\/independiente\/wp-json\/wp\/v2\/comments?post=95652"}],"version-history":[{"count":1,"href":"https:\/\/www.locoxelrojo.com\/independiente\/wp-json\/wp\/v2\/posts\/95652\/revisions"}],"predecessor-version":[{"id":95654,"href":"https:\/\/www.locoxelrojo.com\/independiente\/wp-json\/wp\/v2\/posts\/95652\/revisions\/95654"}],"wp:featuredmedia":[{"embeddable":true,"href":"https:\/\/www.locoxelrojo.com\/independiente\/wp-json\/wp\/v2\/media\/95653"}],"wp:attachment":[{"href":"https:\/\/www.locoxelrojo.com\/independiente\/wp-json\/wp\/v2\/media?parent=95652"}],"wp:term":[{"taxonomy":"category","embeddable":true,"href":"https:\/\/www.locoxelrojo.com\/independiente\/wp-json\/wp\/v2\/categories?post=95652"},{"taxonomy":"post_tag","embeddable":true,"href":"https:\/\/www.locoxelrojo.com\/independiente\/wp-json\/wp\/v2\/tags?post=95652"}],"curies":[{"name":"wp","href":"https:\/\/api.w.org\/{rel}","templated":true}]}}