{"id":95676,"date":"2021-04-27T18:50:24","date_gmt":"2021-04-27T21:50:24","guid":{"rendered":"https:\/\/www.locoxelrojo.com\/independiente\/?p=95676"},"modified":"2021-04-27T18:50:24","modified_gmt":"2021-04-27T21:50:24","slug":"asi-llegan-los-charruas","status":"publish","type":"post","link":"https:\/\/www.locoxelrojo.com\/independiente\/2021\/04\/27\/asi-llegan-los-charruas\/","title":{"rendered":"As\u00ed llegan los charr\u00faas"},"content":{"rendered":"<p><strong>Montevideo City Torque buscar\u00e1 dar el batacazo en Avellaneda ante Independiente y traerse un buen resultado<\/strong> tras el empate por la primera fecha 1-1 ante Bah\u00eda en Uruguay, en su primera experiencia internacional.<\/p>\n<p>Los uruguayos terminaron el certamen dom\u00e9stico el 29 de marzo <strong>haciendo una campa\u00f1a hist\u00f3rica donde finalizaron en el tercer puesto con 26 unidades<\/strong>, a 8 del campe\u00f3n Liverpool, <strong>producto de 7 victorias, 5 empates y apenas 3 derrotas en los 15 cotejos disputados.<\/strong> All\u00ed, anotaron 30 goles y recibi\u00f3 14, quedando con una diferencia de +16.<\/p>\n<p>Sin todav\u00eda haber reanudado el campeonato de la Primera Divisi\u00f3n de Uruguay,<strong> los charr\u00faas solo vienen disputando la actual edici\u00f3n de la Copa Sudamericana<\/strong>, la primera participaci\u00f3n en su historia. A principios de abril,<strong> dejaron afuera en primera ronda a su compatriota F\u00e9nix<\/strong> tras igualar 0-0 en su cancha y ganar 2-0 como visitantes. Luego,<strong> la semana pasada, igualaron 1-1 en su pa\u00eds ante Bah\u00eda, por la primera jornada del grupo.<\/strong><\/p>\n<p><iframe loading=\"lazy\" title=\"YouTube video player\" src=\"https:\/\/www.youtube.com\/embed\/43m-oy52sDs\" width=\"560\" height=\"315\" frameborder=\"0\" allowfullscreen=\"allowfullscreen\"><\/iframe><\/p>\n<p><iframe loading=\"lazy\" title=\"YouTube video player\" src=\"https:\/\/www.youtube.com\/embed\/z3dgmhzypCI\" width=\"560\" height=\"315\" frameborder=\"0\" allowfullscreen=\"allowfullscreen\"><\/iframe><\/p>\n<p><strong>El club de Montevideo fundado en 2017, perteneciente al City Football Group<\/strong>, <strong>comandado por el argentino Pablo Marini<\/strong> (ex DT de Newell\u2019s, San Mart\u00edn de San Juan, Uni\u00f3n) saldr\u00eda al Libertadores de Am\u00e9rica con: <strong>Cristopher Fiermar\u00edn; Agust\u00edn Pe\u00f1a, Diego Arismendi, Yonathan Rak y Andrew Teuten; Franco Pizzichilo, \u00c1lvaro Brun, Gustavo Del Prete y Santiago Rodr\u00edguez; Marcelo Allende y Jos\u00e9 \u00c1lvarez.<\/strong><\/p>\n<blockquote class=\"twitter-tweet\">\n<p dir=\"ltr\" lang=\"es\">Qu\u00e9 ganas de <a href=\"https:\/\/twitter.com\/Sudamericana?ref_src=twsrc%5Etfw\">@Sudamericana<\/a> &#x1f3c6;&#x1f30e;<\/p>\n<p>\u00a1Nos vemos en unos d\u00edas, <a href=\"https:\/\/twitter.com\/Independiente?ref_src=twsrc%5Etfw\">@Independiente<\/a>! &#x1f1fa;&#x1f1fe; &#x1f91d; &#x1f1e6;&#x1f1f7; <a href=\"https:\/\/twitter.com\/hashtag\/LosCiudadanos?src=hash&amp;ref_src=twsrc%5Etfw\">#LosCiudadanos<\/a>&#x1f3d9; <a href=\"https:\/\/t.co\/YjzMJ3yuaU\">pic.twitter.com\/YjzMJ3yuaU<\/a><\/p>\n<p>\u2014 Montevideo City Torque (@MvdCityTorque) <a href=\"https:\/\/twitter.com\/MvdCityTorque\/status\/1386805847662211072?ref_src=twsrc%5Etfw\">April 26, 2021<\/a><\/p><\/blockquote>\n<p><script async src=\"https:\/\/platform.twitter.com\/widgets.js\" charset=\"utf-8\"><\/script><\/p>\n","protected":false},"excerpt":{"rendered":"<p>Montevideo City Torque buscar\u00e1 dar el batacazo en Avellaneda ante Independiente y traerse un buen resultado tras el empate por la primera fecha 1-1 ante Bah\u00eda en Uruguay, en su primera experiencia internacional. Los uruguayos terminaron el certamen dom\u00e9stico el 29 de marzo haciendo una campa\u00f1a hist\u00f3rica donde finalizaron en el tercer puesto con 26 [&hellip;]<\/p>\n","protected":false},"author":101017,"featured_media":95680,"comment_status":"open","ping_status":"closed","sticky":false,"template":"","format":"standard","meta":{"_links_to":"","_links_to_target":""},"categories":[1990,3247],"tags":[153,4137,3275,247,4855],"_links":{"self":[{"href":"https:\/\/www.locoxelrojo.com\/independiente\/wp-json\/wp\/v2\/posts\/95676"}],"collection":[{"href":"https:\/\/www.locoxelrojo.com\/independiente\/wp-json\/wp\/v2\/posts"}],"about":[{"href":"https:\/\/www.locoxelrojo.com\/independiente\/wp-json\/wp\/v2\/types\/post"}],"author":[{"embeddable":true,"href":"https:\/\/www.locoxelrojo.com\/independiente\/wp-json\/wp\/v2\/users\/101017"}],"replies":[{"embeddable":true,"href":"https:\/\/www.locoxelrojo.com\/independiente\/wp-json\/wp\/v2\/comments?post=95676"}],"version-history":[{"count":1,"href":"https:\/\/www.locoxelrojo.com\/independiente\/wp-json\/wp\/v2\/posts\/95676\/revisions"}],"predecessor-version":[{"id":95681,"href":"https:\/\/www.locoxelrojo.com\/independiente\/wp-json\/wp\/v2\/posts\/95676\/revisions\/95681"}],"wp:featuredmedia":[{"embeddable":true,"href":"https:\/\/www.locoxelrojo.com\/independiente\/wp-json\/wp\/v2\/media\/95680"}],"wp:attachment":[{"href":"https:\/\/www.locoxelrojo.com\/independiente\/wp-json\/wp\/v2\/media?parent=95676"}],"wp:term":[{"taxonomy":"category","embeddable":true,"href":"https:\/\/www.locoxelrojo.com\/independiente\/wp-json\/wp\/v2\/categories?post=95676"},{"taxonomy":"post_tag","embeddable":true,"href":"https:\/\/www.locoxelrojo.com\/independiente\/wp-json\/wp\/v2\/tags?post=95676"}],"curies":[{"name":"wp","href":"https:\/\/api.w.org\/{rel}","templated":true}]}}