{"id":95679,"date":"2021-04-27T18:45:12","date_gmt":"2021-04-27T21:45:12","guid":{"rendered":"https:\/\/www.locoxelrojo.com\/independiente\/?p=95679"},"modified":"2021-04-27T19:02:48","modified_gmt":"2021-04-27T22:02:48","slug":"concentrados-vs-city-torque-solo-salen-dos","status":"publish","type":"post","link":"https:\/\/www.locoxelrojo.com\/independiente\/2021\/04\/27\/concentrados-vs-city-torque-solo-salen-dos\/","title":{"rendered":"Concentrados vs. City Torque: solo salen dos"},"content":{"rendered":"<p>Luego de la pr\u00e1ctica de esta ma\u00f1ana, <strong>Julio Falcioni oficializ\u00f3 la lista de concentrados para la segunda fecha de la Copa Sudamericana ante Montevideo City Torque<\/strong>.<\/p>\n<p>Respecto de la n\u00f3mina que viaj\u00f3 a Santa Fe el \u00faltimo fin de semana para visitar a Uni\u00f3n hay pocas variantes y son obligadas. <strong>Quedaron afuera de la convocatoria Milton \u00c1lvarez y Tom\u00e1s Pozzo, <a href=\"https:\/\/www.locoxelrojo.com\/independiente\/2021\/04\/26\/empezo-la-semana-con-dos-positivos-mas\/\">ambos por dar positivo a Covid-19 ayer<\/a><\/strong>.<\/p>\n<p><strong>El resto de los 23 futbolistas que estuvieron contra el Tatengue est\u00e1n adentro y ser\u00e1n opciones para el t\u00e9cnico<\/strong>, que <a href=\"https:\/\/www.locoxelrojo.com\/independiente\/2021\/04\/27\/mete-dos-cambios-para-la-copa\/\">esta ma\u00f1ana prob\u00f3 un equipo con dos variantes<\/a> si tenemos en cuenta el que par\u00f3 el s\u00e1bado.<\/p>\n<h4><strong><span style=\"text-decoration: underline;\">Los 23 convocados:<\/span><\/strong><\/h4>\n<p><span style=\"text-decoration: underline;\">Arqueros:<\/span> Sebasti\u00e1n Sosa, Renzo Bacchia.<\/p>\n<p><span style=\"text-decoration: underline;\">Defensores:<\/span> Thom\u00e1s Ortega, Gonzalo As\u00eds, Lucas Rodr\u00edguez, Fabricio Bustos, Sergio Barreto, Patricio Ostanchuk, Juan Di Lorenzo, Juan Di Lorenzo.<\/p>\n<p><span style=\"text-decoration: underline;\">Mediocampistas:<\/span> Andr\u00e9s Roa, Alan So\u00f1ora, Gast\u00f3n Togni, Domingo Blanco, Juan Pacchini, Lucas Romero.<\/p>\n<p><span style=\"text-decoration: underline;\">Delanteros:<\/span> Jonathan Herrera, Alan Velasco, Silvio Romero, Nicol\u00e1s Messiniti, Braian Mart\u00ednez, Sebasti\u00e1n Palacios y Marcos Landaburu.<\/p>\n<blockquote class=\"instagram-media\" style=\"background: #FFF; border: 0; border-radius: 3px; box-shadow: 0 0 1px 0 rgba(0,0,0,0.5),0 1px 10px 0 rgba(0,0,0,0.15); margin: 1px; max-width: 540px; min-width: 326px; padding: 0; width: calc(100% - 2px);\" data-instgrm-captioned=\"\" data-instgrm-permalink=\"https:\/\/www.instagram.com\/p\/COL1FhzLFi6\/?utm_source=ig_embed&amp;utm_campaign=loading\" data-instgrm-version=\"13\">\n<div style=\"padding: 16px;\">\n<p>&nbsp;<\/p>\n<div style=\"display: flex; flex-direction: row; align-items: center;\">\n<div style=\"background-color: #f4f4f4; border-radius: 50%; flex-grow: 0; height: 40px; margin-right: 14px; width: 40px;\"><\/div>\n<div style=\"display: flex; flex-direction: column; flex-grow: 1; justify-content: center;\">\n<div style=\"background-color: #f4f4f4; border-radius: 4px; flex-grow: 0; height: 14px; margin-bottom: 6px; width: 100px;\"><\/div>\n<div style=\"background-color: #f4f4f4; border-radius: 4px; flex-grow: 0; height: 14px; width: 60px;\"><\/div>\n<\/div>\n<\/div>\n<div style=\"padding: 19% 0;\"><\/div>\n<div style=\"display: block; height: 50px; margin: 0 auto 12px; width: 50px;\"><\/div>\n<div style=\"padding-top: 8px;\">\n<div style=\"color: #3897f0; font-family: Arial,sans-serif; font-size: 14px; font-style: normal; font-weight: 550; line-height: 18px;\">Ver esta publicaci\u00f3n en Instagram<\/div>\n<\/div>\n<div style=\"padding: 12.5% 0;\"><\/div>\n<div style=\"display: flex; flex-direction: row; margin-bottom: 14px; align-items: center;\">\n<div>\n<div style=\"background-color: #f4f4f4; border-radius: 50%; height: 12.5px; width: 12.5px; transform: translateX(0px) translateY(7px);\"><\/div>\n<div style=\"background-color: #f4f4f4; height: 12.5px; transform: rotate(-45deg) translateX(3px) translateY(1px); width: 12.5px; flex-grow: 0; margin-right: 14px; margin-left: 2px;\"><\/div>\n<div style=\"background-color: #f4f4f4; border-radius: 50%; height: 12.5px; width: 12.5px; transform: translateX(9px) translateY(-18px);\"><\/div>\n<\/div>\n<div style=\"margin-left: 8px;\">\n<div style=\"background-color: #f4f4f4; border-radius: 50%; flex-grow: 0; height: 20px; width: 20px;\"><\/div>\n<div style=\"width: 0; height: 0; border-top: 2px solid transparent; border-left: 6px solid #f4f4f4; border-bottom: 2px solid transparent; transform: translateX(16px) translateY(-4px) rotate(30deg);\"><\/div>\n<\/div>\n<div style=\"margin-left: auto;\">\n<div style=\"width: 0px; border-top: 8px solid #F4F4F4; border-right: 8px solid transparent; transform: translateY(16px);\"><\/div>\n<div style=\"background-color: #f4f4f4; flex-grow: 0; height: 12px; width: 16px; transform: translateY(-4px);\"><\/div>\n<div style=\"width: 0; height: 0; border-top: 8px solid #F4F4F4; border-left: 8px solid transparent; transform: translateY(-4px) translateX(8px);\"><\/div>\n<\/div>\n<\/div>\n<div style=\"display: flex; flex-direction: column; flex-grow: 1; justify-content: center; margin-bottom: 24px;\">\n<div style=\"background-color: #f4f4f4; border-radius: 4px; flex-grow: 0; height: 14px; margin-bottom: 6px; width: 224px;\"><\/div>\n<div style=\"background-color: #f4f4f4; border-radius: 4px; flex-grow: 0; height: 14px; width: 144px;\"><\/div>\n<\/div>\n<p>&nbsp;<\/p>\n<p style=\"color: #c9c8cd; font-family: Arial,sans-serif; font-size: 14px; line-height: 17px; margin-bottom: 0; margin-top: 8px; overflow: hidden; padding: 8px 0 7px; text-align: center; text-overflow: ellipsis; white-space: nowrap;\"><a style=\"color: #c9c8cd; font-family: Arial,sans-serif; font-size: 14px; font-style: normal; font-weight: normal; line-height: 17px; text-decoration: none;\" href=\"https:\/\/www.instagram.com\/p\/COL1FhzLFi6\/?utm_source=ig_embed&amp;utm_campaign=loading\" target=\"_blank\" rel=\"noopener\">Una publicaci\u00f3n compartida por LocoXelRojo.com (@locoxelrojoweb)<\/a><\/p>\n<\/div>\n<\/blockquote>\n<p><script async src=\"\/\/www.instagram.com\/embed.js\"><\/script><\/p>\n","protected":false},"excerpt":{"rendered":"<p>Luego de la pr\u00e1ctica de esta ma\u00f1ana, Julio Falcioni oficializ\u00f3 la lista de concentrados para la segunda fecha de la Copa Sudamericana ante Montevideo City Torque. Respecto de la n\u00f3mina que viaj\u00f3 a Santa Fe el \u00faltimo fin de semana para visitar a Uni\u00f3n hay pocas variantes y son obligadas. Quedaron afuera de la convocatoria [&hellip;]<\/p>\n","protected":false},"author":19,"featured_media":95684,"comment_status":"open","ping_status":"closed","sticky":false,"template":"","format":"standard","meta":{"_links_to":"","_links_to_target":""},"categories":[7,3247],"tags":[153,4555,3956,4855,4255],"_links":{"self":[{"href":"https:\/\/www.locoxelrojo.com\/independiente\/wp-json\/wp\/v2\/posts\/95679"}],"collection":[{"href":"https:\/\/www.locoxelrojo.com\/independiente\/wp-json\/wp\/v2\/posts"}],"about":[{"href":"https:\/\/www.locoxelrojo.com\/independiente\/wp-json\/wp\/v2\/types\/post"}],"author":[{"embeddable":true,"href":"https:\/\/www.locoxelrojo.com\/independiente\/wp-json\/wp\/v2\/users\/19"}],"replies":[{"embeddable":true,"href":"https:\/\/www.locoxelrojo.com\/independiente\/wp-json\/wp\/v2\/comments?post=95679"}],"version-history":[{"count":1,"href":"https:\/\/www.locoxelrojo.com\/independiente\/wp-json\/wp\/v2\/posts\/95679\/revisions"}],"predecessor-version":[{"id":95685,"href":"https:\/\/www.locoxelrojo.com\/independiente\/wp-json\/wp\/v2\/posts\/95679\/revisions\/95685"}],"wp:featuredmedia":[{"embeddable":true,"href":"https:\/\/www.locoxelrojo.com\/independiente\/wp-json\/wp\/v2\/media\/95684"}],"wp:attachment":[{"href":"https:\/\/www.locoxelrojo.com\/independiente\/wp-json\/wp\/v2\/media?parent=95679"}],"wp:term":[{"taxonomy":"category","embeddable":true,"href":"https:\/\/www.locoxelrojo.com\/independiente\/wp-json\/wp\/v2\/categories?post=95679"},{"taxonomy":"post_tag","embeddable":true,"href":"https:\/\/www.locoxelrojo.com\/independiente\/wp-json\/wp\/v2\/tags?post=95679"}],"curies":[{"name":"wp","href":"https:\/\/api.w.org\/{rel}","templated":true}]}}