{"id":95761,"date":"2021-04-29T14:39:15","date_gmt":"2021-04-29T17:39:15","guid":{"rendered":"https:\/\/www.locoxelrojo.com\/independiente\/?p=95761"},"modified":"2021-04-29T14:39:15","modified_gmt":"2021-04-29T17:39:15","slug":"volvieron-cuatro","status":"publish","type":"post","link":"https:\/\/www.locoxelrojo.com\/independiente\/2021\/04\/29\/volvieron-cuatro\/","title":{"rendered":"Volvieron cuatro"},"content":{"rendered":"<p>El plantel de Independiente se entren\u00f3 este jueves en Villa Dom\u00ednico luego del triunfo de ayer ante Montevideo City Torque. <strong>Julio Falcioni cont\u00f3 hoy con cuatro jugadores que se reintegraron tras superar el Covid<\/strong>.<\/p>\n<p>Se trata de <strong>Juan Insaurralde, Pablo Hern\u00e1ndez, Lucas Gonz\u00e1lez y Adri\u00e1n Arregui<\/strong>. Si bien se hab\u00edan entrenado ayer mientras el resto de sus compa\u00f1eros se concentraban para el duelo por Copa Sudamericana, esta ma\u00f1ana lo hicieron a la par de todos.<\/p>\n<p>La pr\u00e1ctica de la jornada estuvo dividida entre los que sumaron minutos ayer y los que no. <strong>El primer grupo hizo labores regenerativas<\/strong>, mientras que <strong>el segundo llev\u00f3 a cabo un circuito f\u00edsico y trabajos t\u00e9cnico-t\u00e1cticos<\/strong>.<\/p>\n<p>Cabe destacar que tanto <strong>Ezequiel Mu\u00f1oz<\/strong> como <strong>Carlos Benav\u00eddez<\/strong> contin\u00faan adelante con sus respectivas recuperaciones.<\/p>\n<p><strong>Los jugadores del Rey de Copas retomar\u00e1n sus actividades este viernes<\/strong>, en turno matutino y en Dom\u00ednico, en vistas a la ante\u00faltima fecha de la Copa de la Liga. El Rojo recibir\u00e1 a Atl\u00e9tico Tucum\u00e1n, el pr\u00f3ximo domingo, desde las 12:10.<\/p>\n","protected":false},"excerpt":{"rendered":"<p>El plantel de Independiente se entren\u00f3 este jueves en Villa Dom\u00ednico luego del triunfo de ayer ante Montevideo City Torque. Julio Falcioni cont\u00f3 hoy con cuatro jugadores que se reintegraron tras superar el Covid. Se trata de Juan Insaurralde, Pablo Hern\u00e1ndez, Lucas Gonz\u00e1lez y Adri\u00e1n Arregui. Si bien se hab\u00edan entrenado ayer mientras el resto [&hellip;]<\/p>\n","protected":false},"author":19,"featured_media":95762,"comment_status":"open","ping_status":"closed","sticky":false,"template":"","format":"standard","meta":{"_links_to":"","_links_to_target":""},"categories":[3247,3],"tags":[3434,153,4784,26,4853,4179,2106,1683],"_links":{"self":[{"href":"https:\/\/www.locoxelrojo.com\/independiente\/wp-json\/wp\/v2\/posts\/95761"}],"collection":[{"href":"https:\/\/www.locoxelrojo.com\/independiente\/wp-json\/wp\/v2\/posts"}],"about":[{"href":"https:\/\/www.locoxelrojo.com\/independiente\/wp-json\/wp\/v2\/types\/post"}],"author":[{"embeddable":true,"href":"https:\/\/www.locoxelrojo.com\/independiente\/wp-json\/wp\/v2\/users\/19"}],"replies":[{"embeddable":true,"href":"https:\/\/www.locoxelrojo.com\/independiente\/wp-json\/wp\/v2\/comments?post=95761"}],"version-history":[{"count":1,"href":"https:\/\/www.locoxelrojo.com\/independiente\/wp-json\/wp\/v2\/posts\/95761\/revisions"}],"predecessor-version":[{"id":95763,"href":"https:\/\/www.locoxelrojo.com\/independiente\/wp-json\/wp\/v2\/posts\/95761\/revisions\/95763"}],"wp:featuredmedia":[{"embeddable":true,"href":"https:\/\/www.locoxelrojo.com\/independiente\/wp-json\/wp\/v2\/media\/95762"}],"wp:attachment":[{"href":"https:\/\/www.locoxelrojo.com\/independiente\/wp-json\/wp\/v2\/media?parent=95761"}],"wp:term":[{"taxonomy":"category","embeddable":true,"href":"https:\/\/www.locoxelrojo.com\/independiente\/wp-json\/wp\/v2\/categories?post=95761"},{"taxonomy":"post_tag","embeddable":true,"href":"https:\/\/www.locoxelrojo.com\/independiente\/wp-json\/wp\/v2\/tags?post=95761"}],"curies":[{"name":"wp","href":"https:\/\/api.w.org\/{rel}","templated":true}]}}