{"id":9593,"date":"2011-07-19T18:17:10","date_gmt":"2011-07-19T21:17:10","guid":{"rendered":"http:\/\/www.locoxelrojo.com.ar\/independiente\/?p=9593"},"modified":"2011-07-19T18:17:10","modified_gmt":"2011-07-19T21:17:10","slug":"segundo-dia-de-trabajo-en-los-angeles","status":"publish","type":"post","link":"https:\/\/www.locoxelrojo.com\/independiente\/2011\/07\/19\/segundo-dia-de-trabajo-en-los-angeles\/","title":{"rendered":"Segundo d\u00eda de trabajo en Los \u00c1ngeles"},"content":{"rendered":"<p><a href=\"http:\/\/www.locoxelrojo.com.ar\/independiente\/wp-content\/uploads\/2011\/07\/independiente-losangeles.jpg\"><img loading=\"lazy\" src=\"http:\/\/www.locoxelrojo.com.ar\/independiente\/wp-content\/uploads\/2011\/07\/independiente-losangeles.jpg\" alt=\"\" title=\"independiente-losangeles\" width=\"590\" height=\"315\" class=\"alignnone size-full wp-image-9594\" srcset=\"https:\/\/locoxelrojo.com\/independiente\/wp-content\/uploads\/2011\/07\/independiente-losangeles.jpg 590w, https:\/\/locoxelrojo.com\/independiente\/wp-content\/uploads\/2011\/07\/independiente-losangeles-300x160.jpg 300w\" sizes=\"(max-width: 590px) 100vw, 590px\" \/><\/a><\/p>\n<p>Independiente comenz\u00f3 hoy su segundo d\u00eda de trabajo de pretemporada en la ciudad de Los \u00c1ngeles. <strong>Los dirigidos por Mohamed luego del desayuno se dirigieron a las playas de Oxnard California. El entrenamiento arranc\u00f3 a las 9.30 hora local en donde el plantel realiz\u00f3 ejercicios de fuerza, velocidad y con pelota en la arena.<\/strong><\/p>\n<p>Patricio Rodr\u00edguez y Cristian Pellerano realizaron algunas tareas m\u00e1s livianas para preservarlos por sobrecarga muscular. Mat\u00edas Defederico fue infiltrado por una molestia en la rodilla y espera que le realicen los estudios para saber la gravedad de la lesi\u00f3n ya que al jugador le duele mucho la zona. El resto trabaj\u00f3 con normalidad.<\/p>\n<p><strong>En estos momentos se est\u00e1 llevando acabo el entrenamiento vespertino en el predio del Oxnard College donde luego de una entrada en calor y algunos movimientos con pelota van a realizar f\u00fatbol.<\/strong><\/p>\n<p>Adri\u00e1n Argach\u00e1, Gino Clara y Brian Nieva, estuvieron trabajando junto a La Reserva en Buenos Aires. Hoy por la noche viajaran a Los \u00c1ngeles y ma\u00f1ana se sumaran al resto de la delegaci\u00f3n.<\/p>\n","protected":false},"excerpt":{"rendered":"<p>Independiente comenz\u00f3 hoy su segundo d\u00eda de trabajo de pretemporada en la ciudad de Los \u00c1ngeles. Los dirigidos por Mohamed luego del desayuno se dirigieron a las playas de Oxnard California. El entrenamiento arranc\u00f3 a las 9.30 hora local en donde el plantel realiz\u00f3 ejercicios de fuerza, velocidad y con pelota en la arena. Patricio [&hellip;]<\/p>\n","protected":false},"author":1,"featured_media":0,"comment_status":"open","ping_status":"open","sticky":false,"template":"","format":"standard","meta":{"_links_to":"","_links_to_target":""},"categories":[3,1],"tags":[898,124,153,609,927,379,928,381,919],"_links":{"self":[{"href":"https:\/\/www.locoxelrojo.com\/independiente\/wp-json\/wp\/v2\/posts\/9593"}],"collection":[{"href":"https:\/\/www.locoxelrojo.com\/independiente\/wp-json\/wp\/v2\/posts"}],"about":[{"href":"https:\/\/www.locoxelrojo.com\/independiente\/wp-json\/wp\/v2\/types\/post"}],"author":[{"embeddable":true,"href":"https:\/\/www.locoxelrojo.com\/independiente\/wp-json\/wp\/v2\/users\/1"}],"replies":[{"embeddable":true,"href":"https:\/\/www.locoxelrojo.com\/independiente\/wp-json\/wp\/v2\/comments?post=9593"}],"version-history":[{"count":0,"href":"https:\/\/www.locoxelrojo.com\/independiente\/wp-json\/wp\/v2\/posts\/9593\/revisions"}],"wp:attachment":[{"href":"https:\/\/www.locoxelrojo.com\/independiente\/wp-json\/wp\/v2\/media?parent=9593"}],"wp:term":[{"taxonomy":"category","embeddable":true,"href":"https:\/\/www.locoxelrojo.com\/independiente\/wp-json\/wp\/v2\/categories?post=9593"},{"taxonomy":"post_tag","embeddable":true,"href":"https:\/\/www.locoxelrojo.com\/independiente\/wp-json\/wp\/v2\/tags?post=9593"}],"curies":[{"name":"wp","href":"https:\/\/api.w.org\/{rel}","templated":true}]}}