{"id":9600,"date":"2011-07-19T19:14:28","date_gmt":"2011-07-19T22:14:28","guid":{"rendered":"http:\/\/www.locoxelrojo.com.ar\/independiente\/?p=9600"},"modified":"2015-09-14T22:51:54","modified_gmt":"2015-09-15T01:51:54","slug":"hernan-pellerano-el-prestamo-no-es-sencillo","status":"publish","type":"post","link":"https:\/\/www.locoxelrojo.com\/independiente\/2011\/07\/19\/hernan-pellerano-el-prestamo-no-es-sencillo\/","title":{"rendered":"H. Pellerano: &#8220;El pr\u00e9stamo no es sencillo&#8221;"},"content":{"rendered":"<p><a href=\"http:\/\/www.locoxelrojo.com.ar\/independiente\/wp-content\/uploads\/2011\/07\/hernan_pellerano1.jpg\"><img loading=\"lazy\" class=\"alignnone size-full wp-image-9601\" title=\"hernan_pellerano\" src=\"http:\/\/www.locoxelrojo.com.ar\/independiente\/wp-content\/uploads\/2011\/07\/hernan_pellerano1.jpg\" alt=\"\" width=\"590\" height=\"315\" srcset=\"https:\/\/locoxelrojo.com\/independiente\/wp-content\/uploads\/2011\/07\/hernan_pellerano1.jpg 590w, https:\/\/locoxelrojo.com\/independiente\/wp-content\/uploads\/2011\/07\/hernan_pellerano1-300x160.jpg 300w\" sizes=\"(max-width: 590px) 100vw, 590px\" \/><\/a><\/p>\n<p><strong>Hernan Pellerano<\/strong> dialog\u00f3 con <strong>Un Buen Momento por Radio La Red -AM 910- <\/strong>y manifest\u00f3 su deseo de llegar al club para hacer una buena campa\u00f1a y revalorizarse. El defensor afirma que lleg\u00f3 a un acuerdo con el Almer\u00eda para renovar el contrato e irse a pr\u00e9stamo y, a su vez, con el contrato que le pagar\u00eda Independiente. Sin embargo, el Almer\u00eda pide una suma que el club no est\u00e1 dispuesto a pagar.<\/p>\n<p>El defensor se encuentra realizando la pretemporada. Si bien en primera instancia declar\u00f3 que el inter\u00e9s del presidente y de Mohamed son un placer, <strong>&#8220;el f\u00fatbol tiene tres patas; el jugador y los dos clubes. El que te utiliza y el que te quiere&#8221;<\/strong>, enfatiz\u00f3. Hernan Pellerano entendi\u00f3 que <strong>&#8220;ma\u00f1ana llegar\u00edan a un acuerdo&#8221;<\/strong>. De todos modos,<strong> &#8220;el pr\u00e9stamo no es sencillo porque es un dinero importante&#8221;.<\/strong><\/p>\n<p><strong>&#8220;Con Julio llegamos la semana pasada a un acuerdo y el Almer\u00eda ve bien renovarme por un a\u00f1o. Lo que se negocia es el pr\u00e9stamo&#8221;, <\/strong>manifest\u00f3. Luego, a\u00f1adi\u00f3: <strong>&#8220;me quedan dos a\u00f1os en Almer\u00eda, este es mi cuarto a\u00f1o. Somos 4 centrales de primera linea e Independiente ser\u00eda buena vidriera. &#8220;La idea m\u00eda y del club es hacer un buen a\u00f1o para revalorizarme&#8221;.<\/strong><\/p>\n<p>Por \u00faltimo, entendi\u00f3 que en Independiente <strong>&#8220;est\u00e1n desesperados&#8221; <\/strong>ante la lesi\u00f3n de Matheu y la ida de Galeano al mundial. \u00c9l, por su parte, tiene ganas a pesar de su futuro incierto.<strong> &#8220;A pesar de otras ofertas, la palabra la tiene Independiente porque llegu\u00e9 a un acuerdo con ellos y los voy a respetar&#8221;<\/strong>, concluy\u00f3.<\/p>\n<p><strong><br \/>\n<\/strong><\/p>\n","protected":false},"excerpt":{"rendered":"<p>Hernan Pellerano dialog\u00f3 con Un Buen Momento por Radio La Red -AM 910- y manifest\u00f3 su deseo de llegar al club para hacer una buena campa\u00f1a y revalorizarse. El defensor afirma que lleg\u00f3 a un acuerdo con el Almer\u00eda para renovar el contrato e irse a pr\u00e9stamo y, a su vez, con el contrato que [&hellip;]<\/p>\n","protected":false},"author":1,"featured_media":0,"comment_status":"open","ping_status":"open","sticky":false,"template":"","format":"standard","meta":{"_links_to":"","_links_to_target":""},"categories":[3,1],"tags":[923,115,153,163,921,911,33],"_links":{"self":[{"href":"https:\/\/www.locoxelrojo.com\/independiente\/wp-json\/wp\/v2\/posts\/9600"}],"collection":[{"href":"https:\/\/www.locoxelrojo.com\/independiente\/wp-json\/wp\/v2\/posts"}],"about":[{"href":"https:\/\/www.locoxelrojo.com\/independiente\/wp-json\/wp\/v2\/types\/post"}],"author":[{"embeddable":true,"href":"https:\/\/www.locoxelrojo.com\/independiente\/wp-json\/wp\/v2\/users\/1"}],"replies":[{"embeddable":true,"href":"https:\/\/www.locoxelrojo.com\/independiente\/wp-json\/wp\/v2\/comments?post=9600"}],"version-history":[{"count":0,"href":"https:\/\/www.locoxelrojo.com\/independiente\/wp-json\/wp\/v2\/posts\/9600\/revisions"}],"wp:attachment":[{"href":"https:\/\/www.locoxelrojo.com\/independiente\/wp-json\/wp\/v2\/media?parent=9600"}],"wp:term":[{"taxonomy":"category","embeddable":true,"href":"https:\/\/www.locoxelrojo.com\/independiente\/wp-json\/wp\/v2\/categories?post=9600"},{"taxonomy":"post_tag","embeddable":true,"href":"https:\/\/www.locoxelrojo.com\/independiente\/wp-json\/wp\/v2\/tags?post=9600"}],"curies":[{"name":"wp","href":"https:\/\/api.w.org\/{rel}","templated":true}]}}