{"id":96174,"date":"2021-05-06T15:48:13","date_gmt":"2021-05-06T18:48:13","guid":{"rendered":"https:\/\/www.locoxelrojo.com\/independiente\/?p=96174"},"modified":"2021-05-06T15:55:48","modified_gmt":"2021-05-06T18:55:48","slug":"problemas-por-el-lado-izquierdo","status":"publish","type":"post","link":"https:\/\/www.locoxelrojo.com\/independiente\/2021\/05\/06\/problemas-por-el-lado-izquierdo\/","title":{"rendered":"Problemas por el lado izquierdo"},"content":{"rendered":"<p><strong>El Rojo visitar\u00e1 a Hurac\u00e1n el domingo a las 17:10<\/strong> en el Palacio Tom\u00e1s Ducco y tiene una gran duda por la banda izquierda.<\/p>\n<p><strong>Lucas Rodr\u00edguez contin\u00faa con un edema en el b\u00edceps femoral y no llegar\u00eda en condiciones \u00f3ptimas al encuentro<\/strong>. <strong>A esta baja se le suma la de Gast\u00f3n Togni<\/strong>, quien fue de la partida en Brasil frente a Bah\u00eda, pero <strong>tiene una molestia muscular en el isquiotibial izquierdo<\/strong> y por la tarde se realizar\u00e1 estudios.<\/p>\n<p><strong>Con este panorama el que se prepara para ser titular es Thomas Ortega<\/strong>, quien ya fue tenido en consideraci\u00f3n por el cuerpo t\u00e9cnico en cotejos anteriores e incluso lleg\u00f3 a jugar como titular el encuentro frente a Uni\u00f3n en Santa Fe.<\/p>\n<p>Esta ser\u00eda una revancha para el juvenil, que cuando particip\u00f3 como titular en el partido contra el Globo de la Copa Maradona, fue expulsado por doble amonestaci\u00f3n cuando Independiente ganaba 2-0. Esa roja condicion\u00f3 el partido y los entonces dirigidos por Lucas Pusineri terminaron siendo derrotados por 3-2.<\/p>\n<p><iframe loading=\"lazy\" title=\"YouTube video player\" src=\"https:\/\/www.youtube.com\/embed\/sCEbuPBMb_s\" width=\"560\" height=\"315\" frameborder=\"0\" allowfullscreen=\"allowfullscreen\"><\/iframe><\/p>\n","protected":false},"excerpt":{"rendered":"<p>El Rojo visitar\u00e1 a Hurac\u00e1n el domingo a las 17:10 en el Palacio Tom\u00e1s Ducco y tiene una gran duda por la banda izquierda. Lucas Rodr\u00edguez contin\u00faa con un edema en el b\u00edceps femoral y no llegar\u00eda en condiciones \u00f3ptimas al encuentro. A esta baja se le suma la de Gast\u00f3n Togni, quien fue de [&hellip;]<\/p>\n","protected":false},"author":101026,"featured_media":95684,"comment_status":"open","ping_status":"closed","sticky":false,"template":"","format":"standard","meta":{"_links_to":"","_links_to_target":""},"categories":[3247,3],"tags":[153,3166,4647,4088],"_links":{"self":[{"href":"https:\/\/www.locoxelrojo.com\/independiente\/wp-json\/wp\/v2\/posts\/96174"}],"collection":[{"href":"https:\/\/www.locoxelrojo.com\/independiente\/wp-json\/wp\/v2\/posts"}],"about":[{"href":"https:\/\/www.locoxelrojo.com\/independiente\/wp-json\/wp\/v2\/types\/post"}],"author":[{"embeddable":true,"href":"https:\/\/www.locoxelrojo.com\/independiente\/wp-json\/wp\/v2\/users\/101026"}],"replies":[{"embeddable":true,"href":"https:\/\/www.locoxelrojo.com\/independiente\/wp-json\/wp\/v2\/comments?post=96174"}],"version-history":[{"count":2,"href":"https:\/\/www.locoxelrojo.com\/independiente\/wp-json\/wp\/v2\/posts\/96174\/revisions"}],"predecessor-version":[{"id":96180,"href":"https:\/\/www.locoxelrojo.com\/independiente\/wp-json\/wp\/v2\/posts\/96174\/revisions\/96180"}],"wp:featuredmedia":[{"embeddable":true,"href":"https:\/\/www.locoxelrojo.com\/independiente\/wp-json\/wp\/v2\/media\/95684"}],"wp:attachment":[{"href":"https:\/\/www.locoxelrojo.com\/independiente\/wp-json\/wp\/v2\/media?parent=96174"}],"wp:term":[{"taxonomy":"category","embeddable":true,"href":"https:\/\/www.locoxelrojo.com\/independiente\/wp-json\/wp\/v2\/categories?post=96174"},{"taxonomy":"post_tag","embeddable":true,"href":"https:\/\/www.locoxelrojo.com\/independiente\/wp-json\/wp\/v2\/tags?post=96174"}],"curies":[{"name":"wp","href":"https:\/\/api.w.org\/{rel}","templated":true}]}}