{"id":96199,"date":"2021-05-07T13:37:19","date_gmt":"2021-05-07T16:37:19","guid":{"rendered":"https:\/\/www.locoxelrojo.com\/independiente\/?p=96199"},"modified":"2021-05-07T14:15:57","modified_gmt":"2021-05-07T17:15:57","slug":"dos-equipos-en-mente","status":"publish","type":"post","link":"https:\/\/www.locoxelrojo.com\/independiente\/2021\/05\/07\/dos-equipos-en-mente\/","title":{"rendered":"Dos equipos en mente"},"content":{"rendered":"<p>En el entrenamiento de esta ma\u00f1ana en Villa Dom\u00ednico, Pedro Monz\u00f3n prob\u00f3 dos<strong>\u00a0formaciones para el duelo clave del domingo ante Hurac\u00e1n<\/strong>, donde buscar\u00e1 avanzar a los Cuartos de Final de la Copa de la Liga Profesional.<\/p>\n<p>Primero, par\u00f3 una l\u00ednea de 4 defensores, con la vuelta del Juan Manuel Insaurralde, incluy\u00f3 a Lucas Gonz\u00e1lez en el medio y rompi\u00f3 el doble 9:<strong> Sebasti\u00e1n Sosa; Fabricio Bustos, Sergio Barreto, Insaurralde, Thom\u00e1s Ortega; Gonz\u00e1lez, Lucas Romero, Domingo Blanco; Alan Velasco; Sebasti\u00e1n Palacios y Silvio Romero.\u00a0<\/strong><\/p>\n<p>Luego, ensay\u00f3 con su cl\u00e1sica l\u00ednea de 5, con Patricio Ostachuk por Saltita: <strong>Sosa; Bustos, Barreto, Insaurralde, Ostachuk, Ortega; Blanco y Romero; Palacios, Romero y Velasco.<\/strong><\/p>\n<p><strong>En cuanto al parte m\u00e9dico<\/strong>, <strong>Lucas Rodr\u00edgue<\/strong>z (diferenciado por un edema en el b\u00edceps femoral) y <strong>Gast\u00f3n Togni<\/strong> (sobrecarga muscular en el isquiotibial izquierdo) <strong>no estar\u00e1n a disposici\u00f3n, <\/strong><a href=\"https:\/\/www.locoxelrojo.com\/independiente\/2021\/05\/06\/problemas-por-el-lado-izquierdo\/\">por lo que la banda izquierda la ocupar\u00e1 Ortega.<\/a> <strong>Carlos Benav\u00eddez y Ezequiel Mu\u00f1oz<\/strong> siguen en rehabilitaci\u00f3n y <strong>Omar P\u00edccoli<\/strong> cumpliendo los \u00faltimos d\u00edas de aislamiento por COVID-19.<\/p>\n<p><strong>\u00bfQu\u00e9 equipo te gusta m\u00e1s para enfrentar al Globo?<\/strong><\/p>\n","protected":false},"excerpt":{"rendered":"<p>En el entrenamiento de esta ma\u00f1ana en Villa Dom\u00ednico, Pedro Monz\u00f3n prob\u00f3 dos\u00a0formaciones para el duelo clave del domingo ante Hurac\u00e1n, donde buscar\u00e1 avanzar a los Cuartos de Final de la Copa de la Liga Profesional. Primero, par\u00f3 una l\u00ednea de 4 defensores, con la vuelta del Juan Manuel Insaurralde, incluy\u00f3 a Lucas Gonz\u00e1lez en [&hellip;]<\/p>\n","protected":false},"author":101017,"featured_media":96207,"comment_status":"open","ping_status":"closed","sticky":false,"template":"","format":"standard","meta":{"_links_to":"","_links_to_target":""},"categories":[3247,3],"tags":[153,26,3521,310,385,172],"_links":{"self":[{"href":"https:\/\/www.locoxelrojo.com\/independiente\/wp-json\/wp\/v2\/posts\/96199"}],"collection":[{"href":"https:\/\/www.locoxelrojo.com\/independiente\/wp-json\/wp\/v2\/posts"}],"about":[{"href":"https:\/\/www.locoxelrojo.com\/independiente\/wp-json\/wp\/v2\/types\/post"}],"author":[{"embeddable":true,"href":"https:\/\/www.locoxelrojo.com\/independiente\/wp-json\/wp\/v2\/users\/101017"}],"replies":[{"embeddable":true,"href":"https:\/\/www.locoxelrojo.com\/independiente\/wp-json\/wp\/v2\/comments?post=96199"}],"version-history":[{"count":5,"href":"https:\/\/www.locoxelrojo.com\/independiente\/wp-json\/wp\/v2\/posts\/96199\/revisions"}],"predecessor-version":[{"id":96208,"href":"https:\/\/www.locoxelrojo.com\/independiente\/wp-json\/wp\/v2\/posts\/96199\/revisions\/96208"}],"wp:featuredmedia":[{"embeddable":true,"href":"https:\/\/www.locoxelrojo.com\/independiente\/wp-json\/wp\/v2\/media\/96207"}],"wp:attachment":[{"href":"https:\/\/www.locoxelrojo.com\/independiente\/wp-json\/wp\/v2\/media?parent=96199"}],"wp:term":[{"taxonomy":"category","embeddable":true,"href":"https:\/\/www.locoxelrojo.com\/independiente\/wp-json\/wp\/v2\/categories?post=96199"},{"taxonomy":"post_tag","embeddable":true,"href":"https:\/\/www.locoxelrojo.com\/independiente\/wp-json\/wp\/v2\/tags?post=96199"}],"curies":[{"name":"wp","href":"https:\/\/api.w.org\/{rel}","templated":true}]}}