{"id":9620,"date":"2011-07-21T00:11:28","date_gmt":"2011-07-21T03:11:28","guid":{"rendered":"http:\/\/www.locoxelrojo.com.ar\/independiente\/?p=9620"},"modified":"2015-09-14T22:56:05","modified_gmt":"2015-09-15T01:56:05","slug":"cristian-diaz-hay-que-jugar-por-placer-y-porque-amas-lo-que-haces","status":"publish","type":"post","link":"https:\/\/www.locoxelrojo.com\/independiente\/2011\/07\/21\/cristian-diaz-hay-que-jugar-por-placer-y-porque-amas-lo-que-haces\/","title":{"rendered":"C. D\u00edaz: &#8220;Hay que jugar por placer y porque am\u00e1s lo que hac\u00e9s&#8221;"},"content":{"rendered":"<p><a href=\"http:\/\/www.locoxelrojo.com.ar\/independiente\/wp-content\/uploads\/2011\/07\/cristian_diaz.jpg\"><img loading=\"lazy\" class=\"alignnone size-full wp-image-9626\" title=\"cristian_diaz\" src=\"http:\/\/www.locoxelrojo.com.ar\/independiente\/wp-content\/uploads\/2011\/07\/cristian_diaz.jpg\" alt=\"\" width=\"590\" height=\"315\" srcset=\"https:\/\/locoxelrojo.com\/independiente\/wp-content\/uploads\/2011\/07\/cristian_diaz.jpg 590w, https:\/\/locoxelrojo.com\/independiente\/wp-content\/uploads\/2011\/07\/cristian_diaz-300x160.jpg 300w\" sizes=\"(max-width: 590px) 100vw, 590px\" \/><\/a><\/p>\n<p><strong>Cristian D\u00edaz<\/strong> dialog\u00f3 con <strong>Campanas del Infierno<\/strong> y se refiri\u00f3 a sus objetivos como entrenador de la reserva en Independiente.<strong> &#8220;Hay que jugar por placer y porque amas lo que haces. Se juega por la gloria y despu\u00e9s la plata te la da la gloria. Esa es la l\u00ednea que yo bajo en tres horas de trabajo diario&#8221;<\/strong>, explic\u00f3.<\/p>\n<p>El entrenador agreg\u00f3 que <strong>&#8220;ganando poco te rompes el alma en cada partido y la plata llega sola pero primero est\u00e1 el rendimiento y no hay que quemar etapas&#8221;<\/strong>. Por eso, lament\u00f3 que los representantes busquen mejoras en los contratos de sus jugadores<strong>. &#8220;Yo jugu\u00e9 un a\u00f1o en la primera de Independiente ganando $360. Ese debe ser el razonamiento&#8221;<\/strong>, record\u00f3.<\/p>\n<p>El t\u00e9cnico de la tercera tambi\u00e9n hizo hincapi\u00e9 en la posible vuelta de los partidos preliminares. <strong>&#8220;El deseo es que la Reserva juegue en el Libertadores de Am\u00e9rica. La prioridad la tiene la primera y el estado de la cancha en este semestre no fue el mejor. Los puntos eran necesarios y la primera necesitaba ganar. Nos vimos perjudicados pero si el campo mejora y la situaci\u00f3n clim\u00e1tica lo permite volver\u00e1n&#8221;<\/strong>, confirm\u00f3.<\/p>\n<p>Adem\u00e1s, desestim\u00f3 rumores que lo muestran peleado con el cuerpo t\u00e9cnico de primera divisi\u00f3n.<strong> &#8220;Con el Turco no tengo ning\u00fan problema porque nos conocemos desde Hurac\u00e1n. No somos amigos pero es una amistad impl\u00edcita de compartir cosas duras all\u00ed&#8221;<\/strong>, comenz\u00f3 diciendo. Luego a\u00f1adi\u00f3: &#8220;<strong>Me hubiera gustado estar pero entend\u00ed la situaci\u00f3n cuando dirigieron la reserva. Yo laburo para ellos, dialogo m\u00e1s con Gustavo Lema porque el Turco tiene cosas m\u00e1s importantes pero con el correr del semestre compartimos pr\u00e1cticas de f\u00fatbol. El rumor fue del partido con V\u00e9lez. Jam\u00e1s he dicho nada y nunca me lo preguntaron. Yo soy t\u00e9cnico, \u00e9l es t\u00e9cnico y ambos trabajamos para Independiente. Si a la primera le va bien, nos va bien a todos. Hay gente que quiere estar adentro que est\u00e1 afuera y es un a\u00f1o pol\u00edtico&#8221;<\/strong>, lament\u00f3.<\/p>\n<p>Por \u00faltimo se refiri\u00f3 a Walter Busse.<strong> &#8220;Se qued\u00f3 ac\u00e1 con Matheu y C\u00e1ceres, est\u00e1n haciendo la rehabilitaci\u00f3n que les dej\u00f3 Chiarad\u00eda con Capote. Sufri\u00f3 un golpe antes de las vacaciones con Pellerano en la zona de su vieja lesi\u00f3n. Hasta donde yo s\u00e9 es eso. Se qued\u00f3 por cuestiones m\u00e9dicas mas que de entrenamiento&#8221;. <\/strong><\/p>\n","protected":false},"excerpt":{"rendered":"<p>Cristian D\u00edaz dialog\u00f3 con Campanas del Infierno y se refiri\u00f3 a sus objetivos como entrenador de la reserva en Independiente. &#8220;Hay que jugar por placer y porque amas lo que haces. Se juega por la gloria y despu\u00e9s la plata te la da la gloria. Esa es la l\u00ednea que yo bajo en tres horas [&hellip;]<\/p>\n","protected":false},"author":1,"featured_media":0,"comment_status":"open","ping_status":"open","sticky":false,"template":"","format":"standard","meta":{"_links_to":"","_links_to_target":""},"categories":[3,5,1,141],"tags":[153,188,3270],"_links":{"self":[{"href":"https:\/\/www.locoxelrojo.com\/independiente\/wp-json\/wp\/v2\/posts\/9620"}],"collection":[{"href":"https:\/\/www.locoxelrojo.com\/independiente\/wp-json\/wp\/v2\/posts"}],"about":[{"href":"https:\/\/www.locoxelrojo.com\/independiente\/wp-json\/wp\/v2\/types\/post"}],"author":[{"embeddable":true,"href":"https:\/\/www.locoxelrojo.com\/independiente\/wp-json\/wp\/v2\/users\/1"}],"replies":[{"embeddable":true,"href":"https:\/\/www.locoxelrojo.com\/independiente\/wp-json\/wp\/v2\/comments?post=9620"}],"version-history":[{"count":0,"href":"https:\/\/www.locoxelrojo.com\/independiente\/wp-json\/wp\/v2\/posts\/9620\/revisions"}],"wp:attachment":[{"href":"https:\/\/www.locoxelrojo.com\/independiente\/wp-json\/wp\/v2\/media?parent=9620"}],"wp:term":[{"taxonomy":"category","embeddable":true,"href":"https:\/\/www.locoxelrojo.com\/independiente\/wp-json\/wp\/v2\/categories?post=9620"},{"taxonomy":"post_tag","embeddable":true,"href":"https:\/\/www.locoxelrojo.com\/independiente\/wp-json\/wp\/v2\/tags?post=9620"}],"curies":[{"name":"wp","href":"https:\/\/api.w.org\/{rel}","templated":true}]}}