{"id":96222,"date":"2021-05-08T16:46:34","date_gmt":"2021-05-08T19:46:34","guid":{"rendered":"https:\/\/www.locoxelrojo.com\/independiente\/?p=96222"},"modified":"2021-05-08T16:46:34","modified_gmt":"2021-05-08T19:46:34","slug":"se-definio-por-un-once","status":"publish","type":"post","link":"https:\/\/www.locoxelrojo.com\/independiente\/2021\/05\/08\/se-definio-por-un-once\/","title":{"rendered":"Se defini\u00f3 por un once"},"content":{"rendered":"<p>En la pr\u00e1ctica de este s\u00e1bado en el predio de Villa Dom\u00ednico, <strong>Pedro Monz\u00f3n se defini\u00f3 por el once inicial de Independiente que jugar\u00e1 frente a Hurac\u00e1n.<\/strong><\/p>\n<p>Desde las 18 del domingo el Rojo buscar\u00e1 el objetivo principal que es pasar a la pr\u00f3xima fase de la Copa de la Liga, por eso Monz\u00f3n,<a href=\"https:\/\/www.locoxelrojo.com\/independiente\/2021\/05\/07\/paso-por-dominico\/\"> <strong>ante la ausencia nuevamente de Julio C\u00e9sar Falcion<\/strong><\/a>i, pondr\u00e1 lo mejor que tiene a disposici\u00f3n en cancha.<\/p>\n<p>Las dudas que hab\u00eda el viernes quedaron atr\u00e1s y <strong>finalmente se defini\u00f3 por el esquema m\u00e1s ofensivo<\/strong>, algo l\u00f3gico ya que a Independiente de nada le sirve salir a especular. <strong>En los trabajos t\u00e1cticos y de pelota parada de este s\u00e1bado, el Moncho eligi\u00f3 el 4-3-3 que por momentos, pas\u00f3 a ser un cl\u00e1sico 4-3-1-2 con Alan Velasco por detr\u00e1s de los delanteros. <\/strong><\/p>\n<p>De esta manera, y si no ocurre nada raro, los titulares para visitar al Globo, son: <strong>Sebasti\u00e1n Sosa; Fabricio Bustos, Sergio Barreto, Juan Manuel Insaurralde, Thom\u00e1s Ortega; Lucas Gonz\u00e1lez, Lucas Romero, Domingo Blanco; Sebasti\u00e1n Palacios, Silvio Romero y Velasco. <\/strong><\/p>\n","protected":false},"excerpt":{"rendered":"<p>En la pr\u00e1ctica de este s\u00e1bado en el predio de Villa Dom\u00ednico, Pedro Monz\u00f3n se defini\u00f3 por el once inicial de Independiente que jugar\u00e1 frente a Hurac\u00e1n. Desde las 18 del domingo el Rojo buscar\u00e1 el objetivo principal que es pasar a la pr\u00f3xima fase de la Copa de la Liga, por eso Monz\u00f3n, ante [&hellip;]<\/p>\n","protected":false},"author":1,"featured_media":96224,"comment_status":"open","ping_status":"closed","sticky":false,"template":"","format":"standard","meta":{"_links_to":"","_links_to_target":""},"categories":[3247,3],"tags":[3560,153,26,1742,172],"_links":{"self":[{"href":"https:\/\/www.locoxelrojo.com\/independiente\/wp-json\/wp\/v2\/posts\/96222"}],"collection":[{"href":"https:\/\/www.locoxelrojo.com\/independiente\/wp-json\/wp\/v2\/posts"}],"about":[{"href":"https:\/\/www.locoxelrojo.com\/independiente\/wp-json\/wp\/v2\/types\/post"}],"author":[{"embeddable":true,"href":"https:\/\/www.locoxelrojo.com\/independiente\/wp-json\/wp\/v2\/users\/1"}],"replies":[{"embeddable":true,"href":"https:\/\/www.locoxelrojo.com\/independiente\/wp-json\/wp\/v2\/comments?post=96222"}],"version-history":[{"count":1,"href":"https:\/\/www.locoxelrojo.com\/independiente\/wp-json\/wp\/v2\/posts\/96222\/revisions"}],"predecessor-version":[{"id":96225,"href":"https:\/\/www.locoxelrojo.com\/independiente\/wp-json\/wp\/v2\/posts\/96222\/revisions\/96225"}],"wp:featuredmedia":[{"embeddable":true,"href":"https:\/\/www.locoxelrojo.com\/independiente\/wp-json\/wp\/v2\/media\/96224"}],"wp:attachment":[{"href":"https:\/\/www.locoxelrojo.com\/independiente\/wp-json\/wp\/v2\/media?parent=96222"}],"wp:term":[{"taxonomy":"category","embeddable":true,"href":"https:\/\/www.locoxelrojo.com\/independiente\/wp-json\/wp\/v2\/categories?post=96222"},{"taxonomy":"post_tag","embeddable":true,"href":"https:\/\/www.locoxelrojo.com\/independiente\/wp-json\/wp\/v2\/tags?post=96222"}],"curies":[{"name":"wp","href":"https:\/\/api.w.org\/{rel}","templated":true}]}}