{"id":9635,"date":"2011-07-21T19:11:14","date_gmt":"2011-07-21T22:11:14","guid":{"rendered":"http:\/\/www.locoxelrojo.com.ar\/independiente\/?p=9635"},"modified":"2011-07-21T19:33:15","modified_gmt":"2011-07-21T22:33:15","slug":"mohamed-las-dos-copas-y-mas-de-30-puntos","status":"publish","type":"post","link":"https:\/\/www.locoxelrojo.com\/independiente\/2011\/07\/21\/mohamed-las-dos-copas-y-mas-de-30-puntos\/","title":{"rendered":"Mohamed: &#8220;Las dos copas y m\u00e1s de 30 puntos&#8221;"},"content":{"rendered":"<p><a href=\"http:\/\/www.locoxelrojo.com.ar\/independiente\/wp-content\/uploads\/2011\/07\/anotonio_mohamed.jpg\"><img loading=\"lazy\" class=\"alignnone size-full wp-image-9648\" title=\"anotonio_mohamed\" src=\"http:\/\/www.locoxelrojo.com.ar\/independiente\/wp-content\/uploads\/2011\/07\/anotonio_mohamed.jpg\" alt=\"\" width=\"590\" height=\"315\" srcset=\"https:\/\/locoxelrojo.com\/independiente\/wp-content\/uploads\/2011\/07\/anotonio_mohamed.jpg 590w, https:\/\/locoxelrojo.com\/independiente\/wp-content\/uploads\/2011\/07\/anotonio_mohamed-300x160.jpg 300w\" sizes=\"(max-width: 590px) 100vw, 590px\" \/><\/a><\/p>\n<p><strong>Antonio Mohamed<\/strong> dialog\u00f3 con <strong>Un Buen Momento por Radio La Red <\/strong>en la previa del entrenamiento matutino en Oxnard. El t\u00e9cnico admiti\u00f3 que quiere calidad en el central y el delantero y por eso van a tomarse el tiempo correspondiente en elegirlo.<\/p>\n<p><strong>&#8220;Julio est\u00e1 abocado en un marcador central y un nueve de area. Buscamos jerarqu\u00eda y primer nivel, por eso prefiero esperar un poquito m\u00e1s&#8221;<\/strong>, declar\u00f3 el entrenador quien record\u00f3 que <strong>&#8220;haber ganado el t\u00edtulo internacional abri\u00f3 horizontes y el objetivo es achicar el margen horario&#8221;<\/strong>.<\/p>\n<p>Respecto al plantel, el Turco manifest\u00f3 que Argach\u00e1 ser\u00e1 alternativa de Maximiliano Vel\u00e1zquez y Osmar Ferreyra. Adem\u00e1s, lo compar\u00f3 con Pirulo Rivarola por su t\u00e9cnica. Por otro lado, se refiri\u00f3 al defensor que pretende incorporar y pidi\u00f3 &#8220;<strong>liderazgo y buen curr\u00edculum porque necesitamos jerarqu\u00eda&#8221;.<\/strong><\/p>\n<p>De todas formas, no descart\u00f3 a Hernan Pellerano pero s\u00ed la vuelta de Leandro Graci\u00e1n desde Boca. <strong>&#8220;Pellerano es una alternativa y estamos esperando porque me interesa. Alguno van a cerrar me dijeron los directivos. En la posici\u00f3n de Graci\u00e1n tenemos a Villafa\u00f1ez, Rodriguez, Defederico y al Malevo. Estamos completos&#8221;<\/strong>, consider\u00f3.<\/p>\n<p>Por \u00faltimo se refiri\u00f3 a los objetivos para este semestre. <strong>&#8220;El objetivo corto es jugar las dos finales y ganar las dos copas; adem\u00e1s, sumar m\u00e1s de 30 puntos para jugar la Libertadores. Tenemos todo arreglado hasta diciembre cuando haya elecciones y ah\u00ed veremos que es lo mejor para todos. Si me toca irme tengo que dejar al club bien posicionado&#8221;<\/strong>, concluy\u00f3.<\/p>\n<p>Hoy a la tarde ser\u00e1 el primer d\u00eda sin entrenamiento en Los \u00c0ngeles. Luego de la siesta, Independiente tendr\u00e1 dos horas de shopping \u00a0y el s\u00e1bado a la tarde tambi\u00e9n habr\u00e1 jornada libre.<\/p>\n<p><em><span style=\"color: #888888;\">Foto: Debora D\u00b4amato Viola<\/span><\/em><\/p>\n","protected":false},"excerpt":{"rendered":"<p>Antonio Mohamed dialog\u00f3 con Un Buen Momento por Radio La Red en la previa del entrenamiento matutino en Oxnard. El t\u00e9cnico admiti\u00f3 que quiere calidad en el central y el delantero y por eso van a tomarse el tiempo correspondiente en elegirlo. &#8220;Julio est\u00e1 abocado en un marcador central y un nueve de area. Buscamos [&hellip;]<\/p>\n","protected":false},"author":1,"featured_media":0,"comment_status":"open","ping_status":"open","sticky":false,"template":"","format":"standard","meta":{"_links_to":"","_links_to_target":""},"categories":[3,1],"tags":[898,115,153,916],"_links":{"self":[{"href":"https:\/\/www.locoxelrojo.com\/independiente\/wp-json\/wp\/v2\/posts\/9635"}],"collection":[{"href":"https:\/\/www.locoxelrojo.com\/independiente\/wp-json\/wp\/v2\/posts"}],"about":[{"href":"https:\/\/www.locoxelrojo.com\/independiente\/wp-json\/wp\/v2\/types\/post"}],"author":[{"embeddable":true,"href":"https:\/\/www.locoxelrojo.com\/independiente\/wp-json\/wp\/v2\/users\/1"}],"replies":[{"embeddable":true,"href":"https:\/\/www.locoxelrojo.com\/independiente\/wp-json\/wp\/v2\/comments?post=9635"}],"version-history":[{"count":0,"href":"https:\/\/www.locoxelrojo.com\/independiente\/wp-json\/wp\/v2\/posts\/9635\/revisions"}],"wp:attachment":[{"href":"https:\/\/www.locoxelrojo.com\/independiente\/wp-json\/wp\/v2\/media?parent=9635"}],"wp:term":[{"taxonomy":"category","embeddable":true,"href":"https:\/\/www.locoxelrojo.com\/independiente\/wp-json\/wp\/v2\/categories?post=9635"},{"taxonomy":"post_tag","embeddable":true,"href":"https:\/\/www.locoxelrojo.com\/independiente\/wp-json\/wp\/v2\/tags?post=9635"}],"curies":[{"name":"wp","href":"https:\/\/api.w.org\/{rel}","templated":true}]}}