{"id":9638,"date":"2011-07-21T18:58:40","date_gmt":"2011-07-21T21:58:40","guid":{"rendered":"http:\/\/www.locoxelrojo.com.ar\/independiente\/?p=9638"},"modified":"2011-07-21T19:33:00","modified_gmt":"2011-07-21T22:33:00","slug":"ferreyra-vengo-a-pelear-un-lugar","status":"publish","type":"post","link":"https:\/\/www.locoxelrojo.com\/independiente\/2011\/07\/21\/ferreyra-vengo-a-pelear-un-lugar\/","title":{"rendered":"Ferreyra: &#8220;Vengo a pelear un lugar&#8221;"},"content":{"rendered":"<p><a href=\"http:\/\/www.locoxelrojo.com.ar\/independiente\/wp-content\/uploads\/2011\/07\/osmar_Ferreyra.jpg\"><img loading=\"lazy\" class=\"alignnone size-full wp-image-9646\" title=\"osmar_Ferreyra\" src=\"http:\/\/www.locoxelrojo.com.ar\/independiente\/wp-content\/uploads\/2011\/07\/osmar_Ferreyra.jpg\" alt=\"\" width=\"590\" height=\"315\" srcset=\"https:\/\/locoxelrojo.com\/independiente\/wp-content\/uploads\/2011\/07\/osmar_Ferreyra.jpg 590w, https:\/\/locoxelrojo.com\/independiente\/wp-content\/uploads\/2011\/07\/osmar_Ferreyra-300x160.jpg 300w\" sizes=\"(max-width: 590px) 100vw, 590px\" \/><\/a><\/p>\n<p><strong>Osmar Ferreyra <\/strong>dialog\u00f3 con <strong>Un Buen Momento por Radio La Red.<\/strong> Defini\u00f3 sus caracter\u00edsticas como jugador y plante\u00f3 los objetivos para el pr\u00f3ximo semestre con la camiseta del Rojo.<\/p>\n<p>&#8220;<strong>Tenemos un semestre con todo por delante y debemos aprovecharlo para que el club vuelva a los primeros planos. Las copas dan prestigio y si las ganamos vamos a quedar en el recuerdo de la instituci\u00f3n y los hinchas&#8221;<\/strong>, comenz\u00f3 diciendo el jugador.<\/p>\n<p>Luego agreg\u00f3:<strong> &#8220;Llegu\u00e9 de un mes de vacaciones y entrenando por mi cuenta, no es lo mismo que dos veces por d\u00eda y en pretemporada. Las expectativas son buenas, el plantel es amplio y vengo a pelear un lugar como en todo club. Tengo pilas y quiero sumar para el equipo. El d\u00eda 3 es el objetivo&#8221;.<\/strong><\/p>\n<p>El ex River y San Lorenzo destac\u00f3 que se siente <strong>&#8220;privilegiado por haber vestido camisetas tan grandes&#8221;<\/strong> y por eso intentar\u00e1 volver a aprovecharlo como cuando fue campe\u00f3n con Ram\u00f3n D\u00edaz en San Lorenzo.<\/p>\n<p>Por \u00faltimo destac\u00f3 que le gusta jugar por el carril izquierdo. <strong>&#8220;Me gusta jugar de 3 , tengo toda la banda por recorrer , de volante me cuesta un poco m\u00e1s&#8221;<\/strong>, admiti\u00f3. Y Concluy\u00f3: <strong>&#8220;Me tir\u00f3 mas por andentro, jugu\u00e9 por el carril izquierdo y me gusta esa\u00a0posici\u00f3n\u00a0porque mi\u00a0caracter\u00edstica\u00a0es de jugador por afuera&#8221;.<\/strong><\/p>\n<p><em><span style=\"color: #888888;\">Foto: Debora D\u00b4amato Viola<\/span><\/em><\/p>\n","protected":false},"excerpt":{"rendered":"<p>Osmar Ferreyra dialog\u00f3 con Un Buen Momento por Radio La Red. Defini\u00f3 sus caracter\u00edsticas como jugador y plante\u00f3 los objetivos para el pr\u00f3ximo semestre con la camiseta del Rojo. &#8220;Tenemos un semestre con todo por delante y debemos aprovecharlo para que el club vuelva a los primeros planos. Las copas dan prestigio y si las [&hellip;]<\/p>\n","protected":false},"author":1,"featured_media":0,"comment_status":"open","ping_status":"open","sticky":false,"template":"","format":"standard","meta":{"_links_to":"","_links_to_target":""},"categories":[3,1],"tags":[115,153,916],"_links":{"self":[{"href":"https:\/\/www.locoxelrojo.com\/independiente\/wp-json\/wp\/v2\/posts\/9638"}],"collection":[{"href":"https:\/\/www.locoxelrojo.com\/independiente\/wp-json\/wp\/v2\/posts"}],"about":[{"href":"https:\/\/www.locoxelrojo.com\/independiente\/wp-json\/wp\/v2\/types\/post"}],"author":[{"embeddable":true,"href":"https:\/\/www.locoxelrojo.com\/independiente\/wp-json\/wp\/v2\/users\/1"}],"replies":[{"embeddable":true,"href":"https:\/\/www.locoxelrojo.com\/independiente\/wp-json\/wp\/v2\/comments?post=9638"}],"version-history":[{"count":0,"href":"https:\/\/www.locoxelrojo.com\/independiente\/wp-json\/wp\/v2\/posts\/9638\/revisions"}],"wp:attachment":[{"href":"https:\/\/www.locoxelrojo.com\/independiente\/wp-json\/wp\/v2\/media?parent=9638"}],"wp:term":[{"taxonomy":"category","embeddable":true,"href":"https:\/\/www.locoxelrojo.com\/independiente\/wp-json\/wp\/v2\/categories?post=9638"},{"taxonomy":"post_tag","embeddable":true,"href":"https:\/\/www.locoxelrojo.com\/independiente\/wp-json\/wp\/v2\/tags?post=9638"}],"curies":[{"name":"wp","href":"https:\/\/api.w.org\/{rel}","templated":true}]}}