{"id":96525,"date":"2021-05-16T16:45:54","date_gmt":"2021-05-16T19:45:54","guid":{"rendered":"https:\/\/www.locoxelrojo.com\/independiente\/?p=96525"},"modified":"2021-05-16T17:15:47","modified_gmt":"2021-05-16T20:15:47","slug":"tres-ex-independiente-convocados-para-las-eliminatorias","status":"publish","type":"post","link":"https:\/\/www.locoxelrojo.com\/independiente\/2021\/05\/16\/tres-ex-independiente-convocados-para-las-eliminatorias\/","title":{"rendered":"Tres ex Independiente convocados para las Eliminatorias"},"content":{"rendered":"<p>Lionel Scaloni brind\u00f3 la lista de jugadores del exterior que est\u00e1n convocados para <strong>disputar la doble fecha de Eliminatorias Sudamericanas para el Mundial de Qatar 2022 ante Chile (3\/6) y Colombia (8\/5), con presencia de algunos ex Rojos.<\/strong><\/p>\n<p><strong>Se trata de<\/strong> <strong>Nicol\u00e1s Tagliafico<\/strong>, <strong>un habitu\u00e9 de la Selecci\u00f3n<\/strong> en donde ha llegado a ser capit\u00e1n; <strong>Sergio el Kun Ag\u00fcero<\/strong>, <strong>delantero hist\u00f3rico de la albiceleste<\/strong>, cuarto m\u00e1ximo goleador; <strong>y Emiliano Dibu Mart\u00ednez<\/strong>, el arquero surgido en Avellaneda, de gran temporada en el Aston Villa, <strong>que intentar\u00e1 ganarse su lugar en el seleccionado y poder debutar.<\/strong><\/p>\n<p>El DT deber\u00e1 agregar a esa lista de 30 los futbolistas del \u00e1mbito local. <strong>Cabe recordar que Argentina marcha segunda en la tabla con 10 unidades producto de 3 victorias y 1 empate<\/strong>, 2 puntos por detr\u00e1s del l\u00edder Brasil. <strong>Primero recibir\u00e1n a la Roja en Santiago del Estero y luego viajar\u00e1n a Barranquilla para enfrentar a los Cafeteros.<\/strong><\/p>\n<blockquote class=\"twitter-tweet\">\n<p dir=\"ltr\" lang=\"es\"><a href=\"https:\/\/twitter.com\/hashtag\/EliminatoriasQatar2022?src=hash&amp;ref_src=twsrc%5Etfw\">#EliminatoriasQatar2022<\/a> El entrenador <a href=\"https:\/\/twitter.com\/lioscaloni?ref_src=twsrc%5Etfw\">@lioscaloni<\/a> dio a conocer la lista de convocados del exterior para la doble fecha ante <a href=\"https:\/\/twitter.com\/LaRoja?ref_src=twsrc%5Etfw\">@LaRoja<\/a> &#x1f1e8;&#x1f1f1; y <a href=\"https:\/\/twitter.com\/FCFSeleccionCol?ref_src=twsrc%5Etfw\">@FCFSeleccionCol<\/a> &#x1f1e8;&#x1f1f4; <a href=\"https:\/\/t.co\/RRlDJtjNEE\">pic.twitter.com\/RRlDJtjNEE<\/a><\/p>\n<p>\u2014 Selecci\u00f3n Argentina &#x1f1e6;&#x1f1f7; (@Argentina) <a href=\"https:\/\/twitter.com\/Argentina\/status\/1393954794662998016?ref_src=twsrc%5Etfw\">May 16, 2021<\/a><\/p><\/blockquote>\n<p><script async src=\"https:\/\/platform.twitter.com\/widgets.js\" charset=\"utf-8\"><\/script><\/p>\n","protected":false},"excerpt":{"rendered":"<p>Lionel Scaloni brind\u00f3 la lista de jugadores del exterior que est\u00e1n convocados para disputar la doble fecha de Eliminatorias Sudamericanas para el Mundial de Qatar 2022 ante Chile (3\/6) y Colombia (8\/5), con presencia de algunos ex Rojos. Se trata de Nicol\u00e1s Tagliafico, un habitu\u00e9 de la Selecci\u00f3n en donde ha llegado a ser capit\u00e1n; [&hellip;]<\/p>\n","protected":false},"author":101017,"featured_media":96526,"comment_status":"open","ping_status":"closed","sticky":false,"template":"","format":"standard","meta":{"_links_to":"","_links_to_target":""},"categories":[3247,3281],"tags":[153,814,62,4003,1600,3277,450],"_links":{"self":[{"href":"https:\/\/www.locoxelrojo.com\/independiente\/wp-json\/wp\/v2\/posts\/96525"}],"collection":[{"href":"https:\/\/www.locoxelrojo.com\/independiente\/wp-json\/wp\/v2\/posts"}],"about":[{"href":"https:\/\/www.locoxelrojo.com\/independiente\/wp-json\/wp\/v2\/types\/post"}],"author":[{"embeddable":true,"href":"https:\/\/www.locoxelrojo.com\/independiente\/wp-json\/wp\/v2\/users\/101017"}],"replies":[{"embeddable":true,"href":"https:\/\/www.locoxelrojo.com\/independiente\/wp-json\/wp\/v2\/comments?post=96525"}],"version-history":[{"count":2,"href":"https:\/\/www.locoxelrojo.com\/independiente\/wp-json\/wp\/v2\/posts\/96525\/revisions"}],"predecessor-version":[{"id":96528,"href":"https:\/\/www.locoxelrojo.com\/independiente\/wp-json\/wp\/v2\/posts\/96525\/revisions\/96528"}],"wp:featuredmedia":[{"embeddable":true,"href":"https:\/\/www.locoxelrojo.com\/independiente\/wp-json\/wp\/v2\/media\/96526"}],"wp:attachment":[{"href":"https:\/\/www.locoxelrojo.com\/independiente\/wp-json\/wp\/v2\/media?parent=96525"}],"wp:term":[{"taxonomy":"category","embeddable":true,"href":"https:\/\/www.locoxelrojo.com\/independiente\/wp-json\/wp\/v2\/categories?post=96525"},{"taxonomy":"post_tag","embeddable":true,"href":"https:\/\/www.locoxelrojo.com\/independiente\/wp-json\/wp\/v2\/tags?post=96525"}],"curies":[{"name":"wp","href":"https:\/\/api.w.org\/{rel}","templated":true}]}}