{"id":96647,"date":"2021-05-20T16:03:27","date_gmt":"2021-05-20T19:03:27","guid":{"rendered":"https:\/\/www.locoxelrojo.com\/independiente\/?p=96647"},"modified":"2021-05-20T16:03:27","modified_gmt":"2021-05-20T19:03:27","slug":"con-la-mira-en-colon-2","status":"publish","type":"post","link":"https:\/\/www.locoxelrojo.com\/independiente\/2021\/05\/20\/con-la-mira-en-colon-2\/","title":{"rendered":"Con la mira en Col\u00f3n"},"content":{"rendered":"<p><strong>Independiente ya piensa en Col\u00f3n, su rival en la semifinal de la Copa de la Liga.<\/strong><\/p>\n<p>Este jueves pas\u00f3 una nueva jornada de entrenamientos en el predio de Villa Dom\u00ednico. El partido de este s\u00e1bado en el San Juan es clave y Julio C\u00e9sar Falcioni tiene que solucionar un problema m\u00e1s que importante: <strong><a href=\"https:\/\/www.locoxelrojo.com\/independiente\/2021\/05\/19\/pesima-noticia-para-saltita\/\">el reemplazante de Lucas Gonz\u00e1lez<\/a>. <\/strong><\/p>\n<p>\u00bfQu\u00e9 har\u00e1 el Emperador? Las alternativas son muchas: <strong>el \u00fanico jugador de caracter\u00edsticas similares es Alan So\u00f1ora, pero en los \u00faltimos encuentros qued\u00f3 afuera del banco. Otro relegado, pero con menos din\u00e1mica y m\u00e1s experiencia, es Pablo Hern\u00e1ndez. Y m\u00e1s atr\u00e1s, recurriendo a algo que ya utiliz\u00f3 alguna vez Fernando Ber\u00f3n, en esa posici\u00f3n est\u00e1 Gonzalo As\u00eds, quien en la pr\u00e1ctica de hoy fue probado ah\u00ed en algunos trabajos t\u00e1cticos.<\/strong><\/p>\n<p>Tambi\u00e9n tiene variantes modificando el esquema: <strong>como recurrir a Jonathan Men\u00e9ndez o Andr\u00e9s Roa, con un pensamiento m\u00e1s ofensivo, o regresar a la l\u00ednea de 5 que tanto utiliz\u00f3, con Patricio Ostachuk o Ayrton Costa.<\/strong><\/p>\n<p><strong>Uno que regresa seguro es Lucas Rodr\u00edguez a ocupar el carril izquierdo por la expulsi\u00f3n en La Plata de Thomas Ortega.<\/strong> Ma\u00f1ana viernes habr\u00e1 un nuevo ensayo y se podr\u00e1 saber m\u00e1s sobre lo que tiene en mente el DT.<\/p>\n","protected":false},"excerpt":{"rendered":"<p>Independiente ya piensa en Col\u00f3n, su rival en la semifinal de la Copa de la Liga. Este jueves pas\u00f3 una nueva jornada de entrenamientos en el predio de Villa Dom\u00ednico. El partido de este s\u00e1bado en el San Juan es clave y Julio C\u00e9sar Falcioni tiene que solucionar un problema m\u00e1s que importante: el reemplazante [&hellip;]<\/p>\n","protected":false},"author":1,"featured_media":96648,"comment_status":"open","ping_status":"closed","sticky":false,"template":"","format":"standard","meta":{"_links_to":"","_links_to_target":""},"categories":[3247,3],"tags":[4121,4267,4687,153,26,3374,3751,385,4179,4647,2106,4739,4088],"_links":{"self":[{"href":"https:\/\/www.locoxelrojo.com\/independiente\/wp-json\/wp\/v2\/posts\/96647"}],"collection":[{"href":"https:\/\/www.locoxelrojo.com\/independiente\/wp-json\/wp\/v2\/posts"}],"about":[{"href":"https:\/\/www.locoxelrojo.com\/independiente\/wp-json\/wp\/v2\/types\/post"}],"author":[{"embeddable":true,"href":"https:\/\/www.locoxelrojo.com\/independiente\/wp-json\/wp\/v2\/users\/1"}],"replies":[{"embeddable":true,"href":"https:\/\/www.locoxelrojo.com\/independiente\/wp-json\/wp\/v2\/comments?post=96647"}],"version-history":[{"count":1,"href":"https:\/\/www.locoxelrojo.com\/independiente\/wp-json\/wp\/v2\/posts\/96647\/revisions"}],"predecessor-version":[{"id":96649,"href":"https:\/\/www.locoxelrojo.com\/independiente\/wp-json\/wp\/v2\/posts\/96647\/revisions\/96649"}],"wp:featuredmedia":[{"embeddable":true,"href":"https:\/\/www.locoxelrojo.com\/independiente\/wp-json\/wp\/v2\/media\/96648"}],"wp:attachment":[{"href":"https:\/\/www.locoxelrojo.com\/independiente\/wp-json\/wp\/v2\/media?parent=96647"}],"wp:term":[{"taxonomy":"category","embeddable":true,"href":"https:\/\/www.locoxelrojo.com\/independiente\/wp-json\/wp\/v2\/categories?post=96647"},{"taxonomy":"post_tag","embeddable":true,"href":"https:\/\/www.locoxelrojo.com\/independiente\/wp-json\/wp\/v2\/tags?post=96647"}],"curies":[{"name":"wp","href":"https:\/\/api.w.org\/{rel}","templated":true}]}}