{"id":96707,"date":"2021-05-23T14:55:07","date_gmt":"2021-05-23T17:55:07","guid":{"rendered":"https:\/\/www.locoxelrojo.com\/independiente\/?p=96707"},"modified":"2021-05-23T14:55:55","modified_gmt":"2021-05-23T17:55:55","slug":"con-la-cabeza-puesta-en-guabira","status":"publish","type":"post","link":"https:\/\/www.locoxelrojo.com\/independiente\/2021\/05\/23\/con-la-cabeza-puesta-en-guabira\/","title":{"rendered":"Con la cabeza puesta en Guabir\u00e1"},"content":{"rendered":"<p><strong>Independiente sum\u00f3 una nueva jornada de entrenamiento en Villa Dom\u00ednico con la mente puesta en el duelo del mi\u00e9rcoles a Guabir\u00e1<\/strong>, por la \u00faltima fecha de la fase de grupos de la Copa Sudamericana donde el Rojo buscar\u00e1 cerrar la clasificaci\u00f3n.<\/p>\n<p>La pr\u00e1ctica comenz\u00f3 con <strong>trabajos en el gimnasio<\/strong> en primer medida. Luego, <strong>los futbolistas realizaron secuencias de pases, movimientos t\u00e1cticos y finalizaron con ejercicios de definici\u00f3n al arco. <\/strong><\/p>\n<p><strong>La principal duda pasa por saber qui\u00e9n reemplazar\u00e1 a Lucas Gonz\u00e1lez<\/strong>, quien hoy trabaj\u00f3 junto al cuerpo de kinesi\u00f3logos en el terreno de juego. <strong>Las variantes que plantea el cuerpo t\u00e9cnico son: volver a la l\u00ednea de cinco con Ayrton Costa o un pensamiento m\u00e1s ofensivo,<\/strong> recurriendo a Andr\u00e9s Roa o Jonathan Men\u00e9ndez para sustituir a Saltita.<\/p>\n<p>En cuanto al parte m\u00e9dico, <strong>Carlos Benav\u00eddez y Ezequiel Mu\u00f1oz continuaron trabajando diferenciados<\/strong>, apuntando sus vueltas para el pr\u00f3ximo semestre.<\/p>\n<p><strong>El pr\u00f3ximo entrenamiento ser\u00e1 el lunes a partir de las 9:30 en el Centro de Alto Rendimiento<\/strong>, pero antes de eso se har\u00e1n los test PCR requeridos para el encuentro de la competencia continental.<\/p>\n","protected":false},"excerpt":{"rendered":"<p>Independiente sum\u00f3 una nueva jornada de entrenamiento en Villa Dom\u00ednico con la mente puesta en el duelo del mi\u00e9rcoles a Guabir\u00e1, por la \u00faltima fecha de la fase de grupos de la Copa Sudamericana donde el Rojo buscar\u00e1 cerrar la clasificaci\u00f3n. La pr\u00e1ctica comenz\u00f3 con trabajos en el gimnasio en primer medida. Luego, los futbolistas [&hellip;]<\/p>\n","protected":false},"author":101026,"featured_media":96708,"comment_status":"open","ping_status":"closed","sticky":false,"template":"","format":"standard","meta":{"_links_to":"","_links_to_target":""},"categories":[3247,3],"tags":[153,3266,26,4841,745,172],"_links":{"self":[{"href":"https:\/\/www.locoxelrojo.com\/independiente\/wp-json\/wp\/v2\/posts\/96707"}],"collection":[{"href":"https:\/\/www.locoxelrojo.com\/independiente\/wp-json\/wp\/v2\/posts"}],"about":[{"href":"https:\/\/www.locoxelrojo.com\/independiente\/wp-json\/wp\/v2\/types\/post"}],"author":[{"embeddable":true,"href":"https:\/\/www.locoxelrojo.com\/independiente\/wp-json\/wp\/v2\/users\/101026"}],"replies":[{"embeddable":true,"href":"https:\/\/www.locoxelrojo.com\/independiente\/wp-json\/wp\/v2\/comments?post=96707"}],"version-history":[{"count":1,"href":"https:\/\/www.locoxelrojo.com\/independiente\/wp-json\/wp\/v2\/posts\/96707\/revisions"}],"predecessor-version":[{"id":96709,"href":"https:\/\/www.locoxelrojo.com\/independiente\/wp-json\/wp\/v2\/posts\/96707\/revisions\/96709"}],"wp:featuredmedia":[{"embeddable":true,"href":"https:\/\/www.locoxelrojo.com\/independiente\/wp-json\/wp\/v2\/media\/96708"}],"wp:attachment":[{"href":"https:\/\/www.locoxelrojo.com\/independiente\/wp-json\/wp\/v2\/media?parent=96707"}],"wp:term":[{"taxonomy":"category","embeddable":true,"href":"https:\/\/www.locoxelrojo.com\/independiente\/wp-json\/wp\/v2\/categories?post=96707"},{"taxonomy":"post_tag","embeddable":true,"href":"https:\/\/www.locoxelrojo.com\/independiente\/wp-json\/wp\/v2\/tags?post=96707"}],"curies":[{"name":"wp","href":"https:\/\/api.w.org\/{rel}","templated":true}]}}