{"id":9675,"date":"2011-07-23T02:30:29","date_gmt":"2011-07-23T05:30:29","guid":{"rendered":"http:\/\/www.locoxelrojo.com.ar\/independiente\/?p=9675"},"modified":"2011-07-23T02:30:29","modified_gmt":"2011-07-23T05:30:29","slug":"toma-color-2","status":"publish","type":"post","link":"https:\/\/www.locoxelrojo.com\/independiente\/2011\/07\/23\/toma-color-2\/","title":{"rendered":"Toma color"},"content":{"rendered":"<p><a href=\"http:\/\/www.locoxelrojo.com.ar\/independiente\/wp-content\/uploads\/2011\/07\/Libertadores_De_america.jpg\"><img loading=\"lazy\" class=\"alignnone size-full wp-image-9677\" title=\"Libertadores_De_america\" src=\"http:\/\/www.locoxelrojo.com.ar\/independiente\/wp-content\/uploads\/2011\/07\/Libertadores_De_america.jpg\" alt=\"\" width=\"590\" height=\"315\" srcset=\"https:\/\/locoxelrojo.com\/independiente\/wp-content\/uploads\/2011\/07\/Libertadores_De_america.jpg 590w, https:\/\/locoxelrojo.com\/independiente\/wp-content\/uploads\/2011\/07\/Libertadores_De_america-300x160.jpg 300w\" sizes=\"(max-width: 590px) 100vw, 590px\" \/><\/a><\/p>\n<p>El Libertadores de Am\u00e9rica ya est\u00e1 siendo pintado de color Rojo y estar\u00e1 a punto para la primera final por la RecopaSudamericana. Adem\u00e1s, el fin de semana no detuvo las obras en la finalizaci\u00f3n de las 9 columnas para colocar la bandeja superior restante.<\/p>\n<p>Por otro lado, seg\u00fan cuenta el sitio partidario del<strong> Gran Campe\u00f3n dirigido por el colega Rojo Daniel Galotto<\/strong>, se est\u00e1n reponiendo butacas rotas y se trabaja en las nuevas oficinas administrativas del colegio. Supervisado por los nuevos encargados del Libertadores de Am\u00e9rica-Hugo Barrueco y Mario Peripolli-, tambi\u00e9n se llevan a cabo los arreglos de la vieja Bandeja Alta Herminio Sande.<\/p>\n<p>Adem\u00e1s, se est\u00e1 reparando la vereda de la entrada al colegio. Desde el lunes, se esperar\u00e1 que ingrese la empresa encargada de los premoldeados. Seg\u00fan inform\u00f3 <strong>Infierno Rojo<\/strong>, la Bochini alta ser\u00e1 habilitada para el campeonato. Si bien est\u00e1 muy avanzada, para el partido contra el Inter la garganta 3 estar\u00e1 finalizada y adem\u00e1s, la empresa Multi Led colocar\u00e1 la pantalla gigante en la garganta 4.\u00a0<strong> <\/strong><\/p>\n<p><strong><br \/>\n<\/strong><\/p>\n","protected":false},"excerpt":{"rendered":"<p>El Libertadores de Am\u00e9rica ya est\u00e1 siendo pintado de color Rojo y estar\u00e1 a punto para la primera final por la RecopaSudamericana. Adem\u00e1s, el fin de semana no detuvo las obras en la finalizaci\u00f3n de las 9 columnas para colocar la bandeja superior restante. Por otro lado, seg\u00fan cuenta el sitio partidario del Gran Campe\u00f3n [&hellip;]<\/p>\n","protected":false},"author":1,"featured_media":0,"comment_status":"open","ping_status":"open","sticky":false,"template":"","format":"standard","meta":{"_links_to":"","_links_to_target":""},"categories":[3,1],"tags":[938,153,247,936,937,3272,540],"_links":{"self":[{"href":"https:\/\/www.locoxelrojo.com\/independiente\/wp-json\/wp\/v2\/posts\/9675"}],"collection":[{"href":"https:\/\/www.locoxelrojo.com\/independiente\/wp-json\/wp\/v2\/posts"}],"about":[{"href":"https:\/\/www.locoxelrojo.com\/independiente\/wp-json\/wp\/v2\/types\/post"}],"author":[{"embeddable":true,"href":"https:\/\/www.locoxelrojo.com\/independiente\/wp-json\/wp\/v2\/users\/1"}],"replies":[{"embeddable":true,"href":"https:\/\/www.locoxelrojo.com\/independiente\/wp-json\/wp\/v2\/comments?post=9675"}],"version-history":[{"count":0,"href":"https:\/\/www.locoxelrojo.com\/independiente\/wp-json\/wp\/v2\/posts\/9675\/revisions"}],"wp:attachment":[{"href":"https:\/\/www.locoxelrojo.com\/independiente\/wp-json\/wp\/v2\/media?parent=9675"}],"wp:term":[{"taxonomy":"category","embeddable":true,"href":"https:\/\/www.locoxelrojo.com\/independiente\/wp-json\/wp\/v2\/categories?post=9675"},{"taxonomy":"post_tag","embeddable":true,"href":"https:\/\/www.locoxelrojo.com\/independiente\/wp-json\/wp\/v2\/tags?post=9675"}],"curies":[{"name":"wp","href":"https:\/\/api.w.org\/{rel}","templated":true}]}}