{"id":96823,"date":"2021-05-28T15:50:36","date_gmt":"2021-05-28T18:50:36","guid":{"rendered":"https:\/\/www.locoxelrojo.com\/independiente\/?p=96823"},"modified":"2021-05-28T16:02:00","modified_gmt":"2021-05-28T19:02:00","slug":"otro-gol-de-brian-romero-en-el-empate-de-defensa","status":"publish","type":"post","link":"https:\/\/www.locoxelrojo.com\/independiente\/2021\/05\/28\/otro-gol-de-brian-romero-en-el-empate-de-defensa\/","title":{"rendered":"Otro gol de Braian Romero en el empate de Defensa"},"content":{"rendered":"<p><strong>El ex delantero de Independiente anot\u00f3 en el empate entre Defensa y Justica e Independiente del Valle<\/strong> en la \u00faltima fecha de la Copa Libertadores y lleg\u00f3 a 3 en el certamen.<\/p>\n<p>Los dirigidos por <strong>Sebasti\u00e1n Beccacece, ex DT del Rojo<\/strong>, comenzaron debajo en el marcador ya que, a los 11 minutos del primer tiempo, <strong>Joffre Escobar puso el 1-0 de cabeza para los ecuatorianos que tuvieron en cancha a Cristian Pellerano y Christian Ort\u00edz.<\/strong> Luego, <strong>a los 36\u00b4, Braian Romero aprovech\u00f3 una mala salida desde el fondo por parte del rival<\/strong> y, tras una asistencia de Enzo Fern\u00e1ndez, <strong>traz\u00f3 una diagonal y sac\u00f3 un tiro cruzado imposible de llegar para el arquero.<\/strong><\/p>\n<p>Con esta igualdad, los de Florencio Varela llegaron a 9 unidades y se clasificaron a los Octavos de Final por detr\u00e1s del l\u00edder Palmeiras. <strong>Romero alcanz\u00f3 los 18 goles en 18 partidos internacionales, una cifra tremenda.<\/strong><\/p>\n<p><iframe loading=\"lazy\" title=\"YouTube video player\" src=\"https:\/\/www.youtube.com\/embed\/GMqMmeEkzxg?start=32\" width=\"560\" height=\"315\" frameborder=\"0\" allowfullscreen=\"allowfullscreen\"><\/iframe><\/p>\n","protected":false},"excerpt":{"rendered":"<p>El ex delantero de Independiente anot\u00f3 en el empate entre Defensa y Justica e Independiente del Valle en la \u00faltima fecha de la Copa Libertadores y lleg\u00f3 a 3 en el certamen. Los dirigidos por Sebasti\u00e1n Beccacece, ex DT del Rojo, comenzaron debajo en el marcador ya que, a los 11 minutos del primer tiempo, [&hellip;]<\/p>\n","protected":false},"author":101025,"featured_media":96824,"comment_status":"open","ping_status":"closed","sticky":false,"template":"","format":"standard","meta":{"_links_to":"","_links_to_target":""},"categories":[3297,3247],"tags":[3729,153,4554,896,3277],"_links":{"self":[{"href":"https:\/\/www.locoxelrojo.com\/independiente\/wp-json\/wp\/v2\/posts\/96823"}],"collection":[{"href":"https:\/\/www.locoxelrojo.com\/independiente\/wp-json\/wp\/v2\/posts"}],"about":[{"href":"https:\/\/www.locoxelrojo.com\/independiente\/wp-json\/wp\/v2\/types\/post"}],"author":[{"embeddable":true,"href":"https:\/\/www.locoxelrojo.com\/independiente\/wp-json\/wp\/v2\/users\/101025"}],"replies":[{"embeddable":true,"href":"https:\/\/www.locoxelrojo.com\/independiente\/wp-json\/wp\/v2\/comments?post=96823"}],"version-history":[{"count":2,"href":"https:\/\/www.locoxelrojo.com\/independiente\/wp-json\/wp\/v2\/posts\/96823\/revisions"}],"predecessor-version":[{"id":96828,"href":"https:\/\/www.locoxelrojo.com\/independiente\/wp-json\/wp\/v2\/posts\/96823\/revisions\/96828"}],"wp:featuredmedia":[{"embeddable":true,"href":"https:\/\/www.locoxelrojo.com\/independiente\/wp-json\/wp\/v2\/media\/96824"}],"wp:attachment":[{"href":"https:\/\/www.locoxelrojo.com\/independiente\/wp-json\/wp\/v2\/media?parent=96823"}],"wp:term":[{"taxonomy":"category","embeddable":true,"href":"https:\/\/www.locoxelrojo.com\/independiente\/wp-json\/wp\/v2\/categories?post=96823"},{"taxonomy":"post_tag","embeddable":true,"href":"https:\/\/www.locoxelrojo.com\/independiente\/wp-json\/wp\/v2\/tags?post=96823"}],"curies":[{"name":"wp","href":"https:\/\/api.w.org\/{rel}","templated":true}]}}