{"id":96972,"date":"2021-06-04T19:06:33","date_gmt":"2021-06-04T22:06:33","guid":{"rendered":"https:\/\/www.locoxelrojo.com\/independiente\/?p=96972"},"modified":"2021-06-04T19:06:33","modified_gmt":"2021-06-04T22:06:33","slug":"l-romero-hoy-el-grupo-les-cree-a-los-dirigentes","status":"publish","type":"post","link":"https:\/\/www.locoxelrojo.com\/independiente\/2021\/06\/04\/l-romero-hoy-el-grupo-les-cree-a-los-dirigentes\/","title":{"rendered":"L. Romero: &#8220;Hoy el grupo les cree a los dirigentes&#8221;"},"content":{"rendered":"<p><strong>Lucas Romero<\/strong>, mediocampista y subcapit\u00e1n de Independiente, hizo un balance futbol\u00edstico de los \u00faltimos meses y reconoci\u00f3 que la relaci\u00f3n entre el plantel y los dirigentes mejor\u00f3.<\/p>\n<p><strong>&#8220;Hemos redondeado un buen semestre pese a que a algunos les guste m\u00e1s o menos como juega el equipo&#8221;<\/strong>, comenz\u00f3 el mediocampista en di\u00e1logo con Muy Independiente.<\/p>\n<p>Mientras que cuando se refiri\u00f3 a su v\u00ednculo con los dirigentes, manifest\u00f3: <strong>&#8220;La relaci\u00f3n mejor\u00f3. Hoy tenemos di\u00e1logo fluido y el grupo les cree, se ha sumado gente que intenta colaborar para que las cosas sean positivas&#8221;<\/strong>.<\/p>\n<p>Por \u00faltimo, el Perro reconoci\u00f3 estar <strong>&#8220;orgulloso&#8221;<\/strong> de ocupar el rol de subcapit\u00e1n en el Rojo y remarc\u00f3:\u00a0<strong>&#8220;Llegu\u00e9 a Independiente en un buen momento m\u00edo y el mal clima que hab\u00eda en el club no me permiti\u00f3 afianzarme. Tuve cuatro llamados de equipos brasile\u00f1os pero no pod\u00eda irme con una imagen negativa&#8221;<\/strong>. Hoy revirti\u00f3 esa imagen inicial y es una de las piezas claves del equipo de Julio Falcioni.<\/p>\n<p><iframe loading=\"lazy\" title=\"YouTube video player\" src=\"https:\/\/www.youtube.com\/embed\/HRSHlxqlG7I\" width=\"560\" height=\"315\" frameborder=\"0\" allowfullscreen=\"allowfullscreen\"><\/iframe><\/p>\n","protected":false},"excerpt":{"rendered":"<p>Lucas Romero, mediocampista y subcapit\u00e1n de Independiente, hizo un balance futbol\u00edstico de los \u00faltimos meses y reconoci\u00f3 que la relaci\u00f3n entre el plantel y los dirigentes mejor\u00f3. &#8220;Hemos redondeado un buen semestre pese a que a algunos les guste m\u00e1s o menos como juega el equipo&#8221;, comenz\u00f3 el mediocampista en di\u00e1logo con Muy Independiente. Mientras [&hellip;]<\/p>\n","protected":false},"author":19,"featured_media":94931,"comment_status":"open","ping_status":"closed","sticky":false,"template":"","format":"standard","meta":{"_links_to":"","_links_to_target":""},"categories":[3247,3],"tags":[153,2768],"_links":{"self":[{"href":"https:\/\/www.locoxelrojo.com\/independiente\/wp-json\/wp\/v2\/posts\/96972"}],"collection":[{"href":"https:\/\/www.locoxelrojo.com\/independiente\/wp-json\/wp\/v2\/posts"}],"about":[{"href":"https:\/\/www.locoxelrojo.com\/independiente\/wp-json\/wp\/v2\/types\/post"}],"author":[{"embeddable":true,"href":"https:\/\/www.locoxelrojo.com\/independiente\/wp-json\/wp\/v2\/users\/19"}],"replies":[{"embeddable":true,"href":"https:\/\/www.locoxelrojo.com\/independiente\/wp-json\/wp\/v2\/comments?post=96972"}],"version-history":[{"count":1,"href":"https:\/\/www.locoxelrojo.com\/independiente\/wp-json\/wp\/v2\/posts\/96972\/revisions"}],"predecessor-version":[{"id":96973,"href":"https:\/\/www.locoxelrojo.com\/independiente\/wp-json\/wp\/v2\/posts\/96972\/revisions\/96973"}],"wp:featuredmedia":[{"embeddable":true,"href":"https:\/\/www.locoxelrojo.com\/independiente\/wp-json\/wp\/v2\/media\/94931"}],"wp:attachment":[{"href":"https:\/\/www.locoxelrojo.com\/independiente\/wp-json\/wp\/v2\/media?parent=96972"}],"wp:term":[{"taxonomy":"category","embeddable":true,"href":"https:\/\/www.locoxelrojo.com\/independiente\/wp-json\/wp\/v2\/categories?post=96972"},{"taxonomy":"post_tag","embeddable":true,"href":"https:\/\/www.locoxelrojo.com\/independiente\/wp-json\/wp\/v2\/tags?post=96972"}],"curies":[{"name":"wp","href":"https:\/\/api.w.org\/{rel}","templated":true}]}}