{"id":97002,"date":"2021-06-06T09:00:51","date_gmt":"2021-06-06T12:00:51","guid":{"rendered":"https:\/\/www.locoxelrojo.com\/independiente\/?p=97002"},"modified":"2021-06-06T04:02:19","modified_gmt":"2021-06-06T07:02:19","slug":"boca-vuelve-a-la-carga-por-bustos-como-fue-su-semestre","status":"publish","type":"post","link":"https:\/\/www.locoxelrojo.com\/independiente\/2021\/06\/06\/boca-vuelve-a-la-carga-por-bustos-como-fue-su-semestre\/","title":{"rendered":"Boca vuelve a la carga por Bustos, \u00bfC\u00f3mo fue su semestre?"},"content":{"rendered":"<p><strong>El consejo de f\u00fatbol de Boca comandado por Juan Rom\u00e1n Riquelme volvieron a poner sus ojos en Fabricio Bustos.<\/strong> Ya hab\u00eda sido sondeado en mercados anteriores, pero sin \u00e9xito. <strong>\u00bfSe dar\u00e1 esta vez? As\u00ed fue el semestre del Tractor.<\/strong><\/p>\n<p>Luego de comenzar el a\u00f1o con COVID-19, <strong>el lateral derecho dijo presente en 20 de los 22 partidos de Independiente, todos como titular, convirtiendo un gol ante Newell\u00b4s en Rosario.<\/strong> La idea de Julio C\u00e9sar Falcioni de jugar con cinco en el fondo lo favorece al quitarle responsabilidades defensivas y le permite hacer lo que mejor hace, atacar, <strong>aunque tiene en el debe culminar de mejor manera la mayor\u00eda de sus acciones ofensivas.<\/strong><\/p>\n<p>En el comienzo de un nuevo mercado de pases, <strong>el Xeneize vuelve a la carga por el jugador del Rey de Copas y tienen pensado hacer un ofrecimiento de 2.000.000 de d\u00f3lares por \u00e9l, cifra que no convence a la dirigencia del club.<\/strong> Cabe recordar que Bustos <strong>tiene contrato hasta diciembre de 2022 con una cl\u00e1usula de rescisi\u00f3n de 20.000.000 USD.<\/strong><\/p>\n<p><strong>El futbolista de 25 a\u00f1os es uno de los referentes del Rojo con 150 cotejos disputados con esa camiseta, 2 t\u00edtulos y es el \u00fanico sobreviviente del Maracanazo en la Sudamericana del 2017.<\/strong> \u00bfTe gustar\u00eda que se vaya? \u00bfCu\u00e1nto pedir\u00edas por el Tractor?<\/p>\n<p><iframe loading=\"lazy\" title=\"YouTube video player\" src=\"https:\/\/www.youtube.com\/embed\/a5HFUlRXFLE?start=43\" width=\"560\" height=\"315\" frameborder=\"0\" allowfullscreen=\"allowfullscreen\"><\/iframe><\/p>\n","protected":false},"excerpt":{"rendered":"<p>El consejo de f\u00fatbol de Boca comandado por Juan Rom\u00e1n Riquelme volvieron a poner sus ojos en Fabricio Bustos. Ya hab\u00eda sido sondeado en mercados anteriores, pero sin \u00e9xito. \u00bfSe dar\u00e1 esta vez? As\u00ed fue el semestre del Tractor. Luego de comenzar el a\u00f1o con COVID-19, el lateral derecho dijo presente en 20 de los [&hellip;]<\/p>\n","protected":false},"author":101026,"featured_media":95567,"comment_status":"open","ping_status":"closed","sticky":false,"template":"","format":"standard","meta":{"_links_to":"","_links_to_target":""},"categories":[3247,3],"tags":[4854,2820,153,1027,1665],"_links":{"self":[{"href":"https:\/\/www.locoxelrojo.com\/independiente\/wp-json\/wp\/v2\/posts\/97002"}],"collection":[{"href":"https:\/\/www.locoxelrojo.com\/independiente\/wp-json\/wp\/v2\/posts"}],"about":[{"href":"https:\/\/www.locoxelrojo.com\/independiente\/wp-json\/wp\/v2\/types\/post"}],"author":[{"embeddable":true,"href":"https:\/\/www.locoxelrojo.com\/independiente\/wp-json\/wp\/v2\/users\/101026"}],"replies":[{"embeddable":true,"href":"https:\/\/www.locoxelrojo.com\/independiente\/wp-json\/wp\/v2\/comments?post=97002"}],"version-history":[{"count":1,"href":"https:\/\/www.locoxelrojo.com\/independiente\/wp-json\/wp\/v2\/posts\/97002\/revisions"}],"predecessor-version":[{"id":97003,"href":"https:\/\/www.locoxelrojo.com\/independiente\/wp-json\/wp\/v2\/posts\/97002\/revisions\/97003"}],"wp:featuredmedia":[{"embeddable":true,"href":"https:\/\/www.locoxelrojo.com\/independiente\/wp-json\/wp\/v2\/media\/95567"}],"wp:attachment":[{"href":"https:\/\/www.locoxelrojo.com\/independiente\/wp-json\/wp\/v2\/media?parent=97002"}],"wp:term":[{"taxonomy":"category","embeddable":true,"href":"https:\/\/www.locoxelrojo.com\/independiente\/wp-json\/wp\/v2\/categories?post=97002"},{"taxonomy":"post_tag","embeddable":true,"href":"https:\/\/www.locoxelrojo.com\/independiente\/wp-json\/wp\/v2\/tags?post=97002"}],"curies":[{"name":"wp","href":"https:\/\/api.w.org\/{rel}","templated":true}]}}