{"id":97027,"date":"2021-06-09T00:26:49","date_gmt":"2021-06-09T03:26:49","guid":{"rendered":"https:\/\/www.locoxelrojo.com\/independiente\/?p=97027"},"modified":"2021-06-09T00:41:31","modified_gmt":"2021-06-09T03:41:31","slug":"golpazo-del-dibu-en-el-empate-de-la-seleccion","status":"publish","type":"post","link":"https:\/\/www.locoxelrojo.com\/independiente\/2021\/06\/09\/golpazo-del-dibu-en-el-empate-de-la-seleccion\/","title":{"rendered":"Golpazo del Dibu en el empate de la Selecci\u00f3n"},"content":{"rendered":"<p><strong>La Selecci\u00f3n Argentina igual\u00f3 2-2 ante Colombia en Barranquilla<\/strong> por la octava fecha de las Eliminatorias Sudamericanas rumbo al mundial de Qatar 2022.<strong> El susto se lo llev\u00f3 el arquero surgido en Independiente, Emiliano Mart\u00ednez, que tuvo que salir en camilla al caer duramente tras cortar un centro.<\/strong><\/p>\n<p><strong>La Albiceleste tuvo un arranque ideal: comenz\u00f3 ganando 2-0 a los 10 minutos del primer tiempo<\/strong> como visitante con un cabezazo de <strong>Cristian el Cuti Romero<\/strong> y un golazo de <strong>Leandro Paredes<\/strong>, <strong>pero no pudo sostener el ritmo en el segundo tiempo<\/strong>, prevaleci\u00f3 el f\u00edsico de los colombianos <strong>y Luis Muriel de penal y Miguel Borja sobre el final igualaron el encuentro.<\/strong><\/p>\n<p><strong>La mala noticia de la noche fue que el Dibu se retir\u00f3 muy lastimado en su segundo partido en la Mayor al chocar en el aire con el central cafetero, Yerry Mina y caer contra el c\u00e9sped.<\/strong> En los 35 minutos que estuvo en el campo, <strong>tuvo una buena actuaci\u00f3n descolgando varios centros y demostrando seguridad.<\/strong> Afortunadamente, no tuvo lesiones mayores y estar\u00e1 disponible para los pr\u00f3ximos compromisos.<\/p>\n<p><strong>&#8220;Estoy mejor, fue un golpe duro. Los m\u00e9dicos hicieron su trabajo. Obviamente quer\u00eda seguir jugando pero me tuvieron que sacar porque perd\u00ed el conocimiento&#8221;<\/strong>, asegur\u00f3 el guardameta del Aston Villa.<\/p>\n<p>As\u00ed, <strong>Argentina se mantiene segunda en la tabla con 12 unidades, a 6 del l\u00edder Brasil<\/strong> que volvi\u00f3 a ganar 2-0 ante Paraguay y tiene puntaje ideal. <strong>Lo siguiente ser\u00e1 la Copa Am\u00e9rica, donde debutar\u00e1 ante Chile el 14 de junio, por ahora, en suelo brasilero.<\/strong><\/p>\n<p><iframe loading=\"lazy\" title=\"YouTube video player\" src=\"https:\/\/www.youtube.com\/embed\/A4SYez9g3b8\" width=\"560\" height=\"315\" frameborder=\"0\" allowfullscreen=\"allowfullscreen\"><\/iframe><\/p>\n<blockquote class=\"twitter-tweet\">\n<p dir=\"ltr\" lang=\"es\"><a href=\"https:\/\/twitter.com\/hashtag\/ParteM%C3%A9dico?src=hash&amp;ref_src=twsrc%5Etfw\">#ParteM\u00e9dico<\/a> Los estudios realizados al arquero Emiliano Mart\u00ednez han arrojado resultados satisfactorios. El futbolista del Aston Villa regresa sin problemas a Buenos Aires junto al resto del plantel.<\/p>\n<p>\u2014 Selecci\u00f3n Argentina &#x1f1e6;&#x1f1f7; (@Argentina) <a href=\"https:\/\/twitter.com\/Argentina\/status\/1402441669098754057?ref_src=twsrc%5Etfw\">June 9, 2021<\/a><\/p><\/blockquote>\n<p><script async src=\"https:\/\/platform.twitter.com\/widgets.js\" charset=\"utf-8\"><\/script><\/p>\n<blockquote class=\"twitter-tweet\">\n<p dir=\"ltr\" lang=\"es\">As\u00ed se retiraba Emiliano Mart\u00ednez del Estadio para ser trasladado a la cl\u00ednica Portoazul de Barranquilla. <a href=\"https:\/\/t.co\/oQAhnI35y2\">pic.twitter.com\/oQAhnI35y2<\/a><\/p>\n<p>\u2014 TyC Sports (@TyCSports) <a href=\"https:\/\/twitter.com\/TyCSports\/status\/1402425149366980611?ref_src=twsrc%5Etfw\">June 9, 2021<\/a><\/p><\/blockquote>\n<p><script async src=\"https:\/\/platform.twitter.com\/widgets.js\" charset=\"utf-8\"><\/script><\/p>\n","protected":false},"excerpt":{"rendered":"<p>La Selecci\u00f3n Argentina igual\u00f3 2-2 ante Colombia en Barranquilla por la octava fecha de las Eliminatorias Sudamericanas rumbo al mundial de Qatar 2022. El susto se lo llev\u00f3 el arquero surgido en Independiente, Emiliano Mart\u00ednez, que tuvo que salir en camilla al caer duramente tras cortar un centro. La Albiceleste tuvo un arranque ideal: comenz\u00f3 [&hellip;]<\/p>\n","protected":false},"author":101017,"featured_media":97028,"comment_status":"open","ping_status":"closed","sticky":false,"template":"","format":"standard","meta":{"_links_to":"","_links_to_target":""},"categories":[3247,3281],"tags":[153,1685,4501,814,450],"_links":{"self":[{"href":"https:\/\/www.locoxelrojo.com\/independiente\/wp-json\/wp\/v2\/posts\/97027"}],"collection":[{"href":"https:\/\/www.locoxelrojo.com\/independiente\/wp-json\/wp\/v2\/posts"}],"about":[{"href":"https:\/\/www.locoxelrojo.com\/independiente\/wp-json\/wp\/v2\/types\/post"}],"author":[{"embeddable":true,"href":"https:\/\/www.locoxelrojo.com\/independiente\/wp-json\/wp\/v2\/users\/101017"}],"replies":[{"embeddable":true,"href":"https:\/\/www.locoxelrojo.com\/independiente\/wp-json\/wp\/v2\/comments?post=97027"}],"version-history":[{"count":1,"href":"https:\/\/www.locoxelrojo.com\/independiente\/wp-json\/wp\/v2\/posts\/97027\/revisions"}],"predecessor-version":[{"id":97029,"href":"https:\/\/www.locoxelrojo.com\/independiente\/wp-json\/wp\/v2\/posts\/97027\/revisions\/97029"}],"wp:featuredmedia":[{"embeddable":true,"href":"https:\/\/www.locoxelrojo.com\/independiente\/wp-json\/wp\/v2\/media\/97028"}],"wp:attachment":[{"href":"https:\/\/www.locoxelrojo.com\/independiente\/wp-json\/wp\/v2\/media?parent=97027"}],"wp:term":[{"taxonomy":"category","embeddable":true,"href":"https:\/\/www.locoxelrojo.com\/independiente\/wp-json\/wp\/v2\/categories?post=97027"},{"taxonomy":"post_tag","embeddable":true,"href":"https:\/\/www.locoxelrojo.com\/independiente\/wp-json\/wp\/v2\/tags?post=97027"}],"curies":[{"name":"wp","href":"https:\/\/api.w.org\/{rel}","templated":true}]}}