{"id":97033,"date":"2021-06-09T19:41:15","date_gmt":"2021-06-09T22:41:15","guid":{"rendered":"https:\/\/www.locoxelrojo.com\/independiente\/?p=97033"},"modified":"2021-06-09T21:45:11","modified_gmt":"2021-06-10T00:45:11","slug":"se-refuerza-con-mas-juveniles","status":"publish","type":"post","link":"https:\/\/www.locoxelrojo.com\/independiente\/2021\/06\/09\/se-refuerza-con-mas-juveniles\/","title":{"rendered":"Se refuerza con m\u00e1s juveniles"},"content":{"rendered":"<p><strong>Ante la complicada gesti\u00f3n de los refuerzos, Julio C\u00e9sar Falcioni tom\u00f3 la decisi\u00f3n de subir a siete jugadores de Reserva al plantel profesional de Independiente.<\/strong><\/p>\n<p>Se viene un mercado de pases que en el mejor de los casos ser\u00e1 bastante austero. El Rojo <a href=\"https:\/\/www.locoxelrojo.com\/independiente\/2021\/06\/08\/para-reforzar-primero-hay-que-pagar-las-inhibiciones\/\">tiene que levantar las inhibiciones para poder incorporar<\/a> y es probable que no traiga a ning\u00fan refuerzo. Con este panorama, el entrenador dio la orden de promover a varios juveniles para tener m\u00e1s variantes.<\/p>\n<p><strong>Juan Rom\u00e1n Zarza, Tom\u00e1s Pozzo, Juli\u00e1n Romero, Santiago Vel\u00e1squez, Mauro Zurita, Rodrigo M\u00e1rquez y Mat\u00edas Sosa<\/strong> se entrenar\u00e1n con el plantel de Primera cuando empiece la pretemporada en Villa Dom\u00ednico.<\/p>\n<p>De todos esos nombres, <strong>\u00fanicamente Pozzo sum\u00f3 un pu\u00f1ado de minutos<\/strong> con el primer equipo. Al t\u00e9cnico no le queda otra que seguir apostando a la cantera roja, como lo hizo en el semestre pasado. Ayrton Costa y Patricio Ostachuk, por poner dos ejemplos, debutaron en la misma situaci\u00f3n que Pozzo.<\/p>\n","protected":false},"excerpt":{"rendered":"<p>Ante la complicada gesti\u00f3n de los refuerzos, Julio C\u00e9sar Falcioni tom\u00f3 la decisi\u00f3n de subir a siete jugadores de Reserva al plantel profesional de Independiente. Se viene un mercado de pases que en el mejor de los casos ser\u00e1 bastante austero. El Rojo tiene que levantar las inhibiciones para poder incorporar y es probable que [&hellip;]<\/p>\n","protected":false},"author":8,"featured_media":96194,"comment_status":"open","ping_status":"closed","sticky":false,"template":"","format":"standard","meta":{"_links_to":"","_links_to_target":""},"categories":[3247,3],"tags":[153,4246,4153,4917,4234,231,4050,4398,4255],"_links":{"self":[{"href":"https:\/\/www.locoxelrojo.com\/independiente\/wp-json\/wp\/v2\/posts\/97033"}],"collection":[{"href":"https:\/\/www.locoxelrojo.com\/independiente\/wp-json\/wp\/v2\/posts"}],"about":[{"href":"https:\/\/www.locoxelrojo.com\/independiente\/wp-json\/wp\/v2\/types\/post"}],"author":[{"embeddable":true,"href":"https:\/\/www.locoxelrojo.com\/independiente\/wp-json\/wp\/v2\/users\/8"}],"replies":[{"embeddable":true,"href":"https:\/\/www.locoxelrojo.com\/independiente\/wp-json\/wp\/v2\/comments?post=97033"}],"version-history":[{"count":4,"href":"https:\/\/www.locoxelrojo.com\/independiente\/wp-json\/wp\/v2\/posts\/97033\/revisions"}],"predecessor-version":[{"id":97037,"href":"https:\/\/www.locoxelrojo.com\/independiente\/wp-json\/wp\/v2\/posts\/97033\/revisions\/97037"}],"wp:featuredmedia":[{"embeddable":true,"href":"https:\/\/www.locoxelrojo.com\/independiente\/wp-json\/wp\/v2\/media\/96194"}],"wp:attachment":[{"href":"https:\/\/www.locoxelrojo.com\/independiente\/wp-json\/wp\/v2\/media?parent=97033"}],"wp:term":[{"taxonomy":"category","embeddable":true,"href":"https:\/\/www.locoxelrojo.com\/independiente\/wp-json\/wp\/v2\/categories?post=97033"},{"taxonomy":"post_tag","embeddable":true,"href":"https:\/\/www.locoxelrojo.com\/independiente\/wp-json\/wp\/v2\/tags?post=97033"}],"curies":[{"name":"wp","href":"https:\/\/api.w.org\/{rel}","templated":true}]}}