{"id":97102,"date":"2021-06-13T10:22:49","date_gmt":"2021-06-13T13:22:49","guid":{"rendered":"https:\/\/www.locoxelrojo.com\/independiente\/?p=97102"},"modified":"2021-06-13T20:33:26","modified_gmt":"2021-06-13T23:33:26","slug":"buscaran-rodaje-en-otros-clubes","status":"publish","type":"post","link":"https:\/\/www.locoxelrojo.com\/independiente\/2021\/06\/13\/buscaran-rodaje-en-otros-clubes\/","title":{"rendered":"Buscar\u00e1n rodaje en otros clubes"},"content":{"rendered":"<p><strong>Independiente intentar\u00e1 prestar a Tom\u00e1s Pozzo y Juan Da Rosa a un equipo con menor calibre para que consigan los minutos necesarios para volver afianzados a la Primera del Rojo.<\/strong><\/p>\n<p>Luego de entrar en la n\u00f3mina de juveniles que entrenar\u00e1n con el plantel superior, Toto saldr\u00eda a pr\u00e9stamo ya que no consigui\u00f3 el protagonismo que esperaba. En el \u00faltimo semestre, obtuvo incluso <strong>menos tiempo en cancha que en la era de Lucas Pusineri<\/strong>. Adem\u00e1s, luego de estar en el banco por varios partidos, Julio Cesar Falcioni lo baj\u00f3 a Reserva, lo cual motivar\u00eda su salida.<\/p>\n<p>Misma suerte corre para Da Rosa. El extremo de gran temporada en Reserva logr\u00f3 ser promovido con Pusineri, pero <strong>nunca pudo debutar en Primera Divisi\u00f3n<\/strong>. Para colmo, no apareci\u00f3 en la lista de los convocados para comenzar los entrenamientos este viernes. Su edad de 23 a\u00f1os hace que tape a otros j\u00f3venes emergentes y por eso <strong>el Rey de Copas le buscar\u00e1 un club donde termine de explotar su potencial<\/strong>.<\/p>\n<p>Con estas dos salidas a punto de suceder, el cuerpo t\u00e9cnico tendr\u00e1 <strong>dos variantes menos de mitad de cancha en adelante<\/strong>, aunque generar\u00e1 m\u00e1s experiencia en ellos.<\/p>\n","protected":false},"excerpt":{"rendered":"<p>Independiente intentar\u00e1 prestar a Tom\u00e1s Pozzo y Juan Da Rosa a un equipo con menor calibre para que consigan los minutos necesarios para volver afianzados a la Primera del Rojo. Luego de entrar en la n\u00f3mina de juveniles que entrenar\u00e1n con el plantel superior, Toto saldr\u00eda a pr\u00e9stamo ya que no consigui\u00f3 el protagonismo que [&hellip;]<\/p>\n","protected":false},"author":101026,"featured_media":93385,"comment_status":"open","ping_status":"closed","sticky":false,"template":"","format":"standard","meta":{"_links_to":"","_links_to_target":""},"categories":[3280,3247],"tags":[153,4270,4255],"_links":{"self":[{"href":"https:\/\/www.locoxelrojo.com\/independiente\/wp-json\/wp\/v2\/posts\/97102"}],"collection":[{"href":"https:\/\/www.locoxelrojo.com\/independiente\/wp-json\/wp\/v2\/posts"}],"about":[{"href":"https:\/\/www.locoxelrojo.com\/independiente\/wp-json\/wp\/v2\/types\/post"}],"author":[{"embeddable":true,"href":"https:\/\/www.locoxelrojo.com\/independiente\/wp-json\/wp\/v2\/users\/101026"}],"replies":[{"embeddable":true,"href":"https:\/\/www.locoxelrojo.com\/independiente\/wp-json\/wp\/v2\/comments?post=97102"}],"version-history":[{"count":1,"href":"https:\/\/www.locoxelrojo.com\/independiente\/wp-json\/wp\/v2\/posts\/97102\/revisions"}],"predecessor-version":[{"id":97103,"href":"https:\/\/www.locoxelrojo.com\/independiente\/wp-json\/wp\/v2\/posts\/97102\/revisions\/97103"}],"wp:featuredmedia":[{"embeddable":true,"href":"https:\/\/www.locoxelrojo.com\/independiente\/wp-json\/wp\/v2\/media\/93385"}],"wp:attachment":[{"href":"https:\/\/www.locoxelrojo.com\/independiente\/wp-json\/wp\/v2\/media?parent=97102"}],"wp:term":[{"taxonomy":"category","embeddable":true,"href":"https:\/\/www.locoxelrojo.com\/independiente\/wp-json\/wp\/v2\/categories?post=97102"},{"taxonomy":"post_tag","embeddable":true,"href":"https:\/\/www.locoxelrojo.com\/independiente\/wp-json\/wp\/v2\/tags?post=97102"}],"curies":[{"name":"wp","href":"https:\/\/api.w.org\/{rel}","templated":true}]}}