{"id":97104,"date":"2021-06-14T09:59:28","date_gmt":"2021-06-14T12:59:28","guid":{"rendered":"https:\/\/www.locoxelrojo.com\/independiente\/?p=97104"},"modified":"2021-06-14T18:00:53","modified_gmt":"2021-06-14T21:00:53","slug":"pega-la-vuelta-4","status":"publish","type":"post","link":"https:\/\/www.locoxelrojo.com\/independiente\/2021\/06\/14\/pega-la-vuelta-4\/","title":{"rendered":"\u00bfPega la vuelta?"},"content":{"rendered":"<p><strong>Federico Gonz\u00e1lez qued\u00f3 muy relegado en Estudiantes y fue ofrecido a Independiente, club que lo vio nacer futbol\u00edsticamente.<\/strong><\/p>\n<p>El delantero jug\u00f3 muy poco en el \u00faltimo semestre. Apenas 9 partidos y ning\u00fan gol es lo que marca su estad\u00edstica m\u00e1s reciente. El t\u00e9cnico Ricardo Zielinski tuvo en cuenta a otros atacantes antes que a \u00e9l y esto, sumado a que <strong>su contrato est\u00e1 cerca de terminar<\/strong>, hace pensar que sus horas en el Pincha estar\u00edan contadas.<\/p>\n<p>Desde el entorno del futbolista se comunicaron con el Rojo para ofrecerlo y <strong>en Avellaneda no ver\u00edan con malos ojos su regreso al club<\/strong>, ya que es muy probable que Nicol\u00e1s Messiniti se vaya a pr\u00e9stamo y se necesita recambio.<\/p>\n<p>Cabe recordar que <strong>Gonz\u00e1lez fue el \u00faltimo jugador en marcar un gol en la Doble Visera<\/strong>, all\u00e1 por diciembre de 2006 ante Gimnasia de Jujuy. En aquel entonces estaba dando sus primeros pasos en la m\u00e1xima categor\u00eda. Hoy, a sus 34 a\u00f1os y con mucha experiencia a cuestas, la posibilidad de que vuelva es concreta.<\/p>\n<p>En 2019 el Rey de Copas lo tent\u00f3 despu\u00e9s de que saliera campe\u00f3n con Tigre en la Copa de la Superliga, pero <a href=\"https:\/\/www.locoxelrojo.com\/independiente\/2019\/07\/01\/se-inclino-por-el-pincha\/\">Federico eligi\u00f3 firmar en Estudiantes<\/a>, donde no rindi\u00f3 como se esperaba.<\/p>\n","protected":false},"excerpt":{"rendered":"<p>Federico Gonz\u00e1lez qued\u00f3 muy relegado en Estudiantes y fue ofrecido a Independiente, club que lo vio nacer futbol\u00edsticamente. El delantero jug\u00f3 muy poco en el \u00faltimo semestre. Apenas 9 partidos y ning\u00fan gol es lo que marca su estad\u00edstica m\u00e1s reciente. El t\u00e9cnico Ricardo Zielinski tuvo en cuenta a otros atacantes antes que a \u00e9l [&hellip;]<\/p>\n","protected":false},"author":8,"featured_media":97110,"comment_status":"open","ping_status":"closed","sticky":false,"template":"","format":"standard","meta":{"_links_to":"","_links_to_target":""},"categories":[3280,3247],"tags":[153,277,736,1665],"_links":{"self":[{"href":"https:\/\/www.locoxelrojo.com\/independiente\/wp-json\/wp\/v2\/posts\/97104"}],"collection":[{"href":"https:\/\/www.locoxelrojo.com\/independiente\/wp-json\/wp\/v2\/posts"}],"about":[{"href":"https:\/\/www.locoxelrojo.com\/independiente\/wp-json\/wp\/v2\/types\/post"}],"author":[{"embeddable":true,"href":"https:\/\/www.locoxelrojo.com\/independiente\/wp-json\/wp\/v2\/users\/8"}],"replies":[{"embeddable":true,"href":"https:\/\/www.locoxelrojo.com\/independiente\/wp-json\/wp\/v2\/comments?post=97104"}],"version-history":[{"count":2,"href":"https:\/\/www.locoxelrojo.com\/independiente\/wp-json\/wp\/v2\/posts\/97104\/revisions"}],"predecessor-version":[{"id":97107,"href":"https:\/\/www.locoxelrojo.com\/independiente\/wp-json\/wp\/v2\/posts\/97104\/revisions\/97107"}],"wp:featuredmedia":[{"embeddable":true,"href":"https:\/\/www.locoxelrojo.com\/independiente\/wp-json\/wp\/v2\/media\/97110"}],"wp:attachment":[{"href":"https:\/\/www.locoxelrojo.com\/independiente\/wp-json\/wp\/v2\/media?parent=97104"}],"wp:term":[{"taxonomy":"category","embeddable":true,"href":"https:\/\/www.locoxelrojo.com\/independiente\/wp-json\/wp\/v2\/categories?post=97104"},{"taxonomy":"post_tag","embeddable":true,"href":"https:\/\/www.locoxelrojo.com\/independiente\/wp-json\/wp\/v2\/tags?post=97104"}],"curies":[{"name":"wp","href":"https:\/\/api.w.org\/{rel}","templated":true}]}}