{"id":97216,"date":"2021-06-17T13:40:44","date_gmt":"2021-06-17T16:40:44","guid":{"rendered":"https:\/\/www.locoxelrojo.com\/independiente\/?p=97216"},"modified":"2021-06-17T13:40:44","modified_gmt":"2021-06-17T16:40:44","slug":"velez-aclaro-la-situacion-de-mancuello","status":"publish","type":"post","link":"https:\/\/www.locoxelrojo.com\/independiente\/2021\/06\/17\/velez-aclaro-la-situacion-de-mancuello\/","title":{"rendered":"V\u00e9lez aclar\u00f3 la situaci\u00f3n de Mancuello"},"content":{"rendered":"<p>El presidente de V\u00e9lez Sarsfield, Sergio Rapisarda, fue contundente con respecto al futuro inmediato de <strong>Federico Mancuello<\/strong>, uno de los nombres que sonaron para reforzar a <strong>Independiente<\/strong>.<\/p>\n<p>El mercado ya comenz\u00f3 a moverse y si bien <strong>el Rojo debe levantar las inhibiciones para poder incorporar<\/strong>, los dirigentes ya mantuvieron reuniones con diferentes jugadores y sus agentes para tantear el mercado.<\/p>\n<p>Uno de los apuntados para regresar al Rey de Copas era Mancuello, mediocampista de 32 a\u00f1os. <strong>&#8220;\u00c9l va a seguir en V\u00e9lez. Ya tratamos este tema. Por supuesto que lo quer\u00eda Independiente y se hablaba de un resarcimiento, incluso hablaron con el jugador&#8221;<\/strong>, confirm\u00f3 Rapisarda en TNT Sports Continental.<\/p>\n<p>Y a continuaci\u00f3n, remat\u00f3: <strong>&#8220;A nosotros no nos lleg\u00f3 nada porque el chico quiere quedarse y tiene contrato hasta diciembre. Se va a quedar con nosotros hasta fin de a\u00f1o&#8221;<\/strong>.<\/p>\n<p>De esta manera, Julio Falcioni no podr\u00e1 contar con el interno zurdo que tanto quer\u00eda. Y con la negativa del Fort\u00edn, el Orgullo Nacional deber\u00e1 buscar por otro lado y so\u00f1ar con un regreso de Mancu a fin de 2021.<\/p>\n<p><iframe loading=\"lazy\" title=\"YouTube video player\" src=\"https:\/\/www.youtube.com\/embed\/Hn8vYK1SzE8\" width=\"560\" height=\"315\" frameborder=\"0\" allowfullscreen=\"allowfullscreen\"><\/iframe><\/p>\n","protected":false},"excerpt":{"rendered":"<p>El presidente de V\u00e9lez Sarsfield, Sergio Rapisarda, fue contundente con respecto al futuro inmediato de Federico Mancuello, uno de los nombres que sonaron para reforzar a Independiente. El mercado ya comenz\u00f3 a moverse y si bien el Rojo debe levantar las inhibiciones para poder incorporar, los dirigentes ya mantuvieron reuniones con diferentes jugadores y sus [&hellip;]<\/p>\n","protected":false},"author":19,"featured_media":97217,"comment_status":"open","ping_status":"closed","sticky":false,"template":"","format":"standard","meta":{"_links_to":"","_links_to_target":""},"categories":[3280,3247],"tags":[153,48,4101,213],"_links":{"self":[{"href":"https:\/\/www.locoxelrojo.com\/independiente\/wp-json\/wp\/v2\/posts\/97216"}],"collection":[{"href":"https:\/\/www.locoxelrojo.com\/independiente\/wp-json\/wp\/v2\/posts"}],"about":[{"href":"https:\/\/www.locoxelrojo.com\/independiente\/wp-json\/wp\/v2\/types\/post"}],"author":[{"embeddable":true,"href":"https:\/\/www.locoxelrojo.com\/independiente\/wp-json\/wp\/v2\/users\/19"}],"replies":[{"embeddable":true,"href":"https:\/\/www.locoxelrojo.com\/independiente\/wp-json\/wp\/v2\/comments?post=97216"}],"version-history":[{"count":1,"href":"https:\/\/www.locoxelrojo.com\/independiente\/wp-json\/wp\/v2\/posts\/97216\/revisions"}],"predecessor-version":[{"id":97218,"href":"https:\/\/www.locoxelrojo.com\/independiente\/wp-json\/wp\/v2\/posts\/97216\/revisions\/97218"}],"wp:featuredmedia":[{"embeddable":true,"href":"https:\/\/www.locoxelrojo.com\/independiente\/wp-json\/wp\/v2\/media\/97217"}],"wp:attachment":[{"href":"https:\/\/www.locoxelrojo.com\/independiente\/wp-json\/wp\/v2\/media?parent=97216"}],"wp:term":[{"taxonomy":"category","embeddable":true,"href":"https:\/\/www.locoxelrojo.com\/independiente\/wp-json\/wp\/v2\/categories?post=97216"},{"taxonomy":"post_tag","embeddable":true,"href":"https:\/\/www.locoxelrojo.com\/independiente\/wp-json\/wp\/v2\/tags?post=97216"}],"curies":[{"name":"wp","href":"https:\/\/api.w.org\/{rel}","templated":true}]}}