{"id":973,"date":"2010-09-14T13:00:24","date_gmt":"2010-09-14T16:00:24","guid":{"rendered":"http:\/\/www.locoxelrojo.com.ar\/independiente\/?p=973"},"modified":"2015-09-09T01:00:46","modified_gmt":"2015-09-09T04:00:46","slug":"973","status":"publish","type":"post","link":"https:\/\/www.locoxelrojo.com\/independiente\/2010\/09\/14\/973\/","title":{"rendered":"Se lesion\u00f3 Lucas Villaf\u00e1\u00f1ez"},"content":{"rendered":"<p><a href=\"http:\/\/www.locoxelrojo.com.ar\/independiente\/wp-content\/uploads\/2010\/09\/villalesion.jpg\"><img loading=\"lazy\" class=\"alignnone size-full wp-image-980\" title=\"villalesion\" src=\"http:\/\/www.locoxelrojo.com.ar\/independiente\/wp-content\/uploads\/2010\/09\/villalesion.jpg\" alt=\"\" width=\"550\" height=\"315\" srcset=\"https:\/\/locoxelrojo.com\/independiente\/wp-content\/uploads\/2010\/09\/villalesion.jpg 550w, https:\/\/locoxelrojo.com\/independiente\/wp-content\/uploads\/2010\/09\/villalesion-300x171.jpg 300w\" sizes=\"(max-width: 550px) 100vw, 550px\" \/><\/a><\/p>\n<p>El volante ofensivo, Lucas Mart\u00edn Villaf\u00e1\u00f1ez, s\u00e9ptimo refuerzo de Independiente \u2013<strong>lleg\u00f3 a pr\u00e9stamo y con una opci\u00f3n de compra de medio mill\u00f3n de d\u00f3lares<\/strong>-, <strong>se fractur\u00f3 el quinto metatarsiano del pie izquierdo en el encuentro de reserva frente a Quilmes<\/strong> disputado en Villa Dom\u00ednico el \u00faltimo domingo a las 14 horas.<\/p>\n<p>Si bien ya pasaron casi 72 horas desde el partido, en el d\u00eda de hoy<strong> los estudios dejaron asentado que el ex Comisi\u00f3n de Actividades Infantiles estar\u00e1 fuera de las canchas durante casi 3 meses<\/strong>.<\/p>\n<p>\u201cVillita\u201d como le dicen, es la \u00faltima\u00a0 joyita del semillero del equipo sure\u00f1o de donde salieron entre otros Sixto Peralta, Silvera, Pablo Barrientos y Mario Santana. Si bien<strong> hab\u00eda concentrado solo frente a Arsenal de Sarand\u00ed<\/strong>, <strong>se ven\u00eda destacando en los encuentros del selectivo dirigido por Cayetano Rodr\u00edguez<\/strong>.<\/p>\n<p>Recordemos que <strong>naci\u00f3 el 4 de octubre de 1991, y debut\u00f3 en primera con solo 16 a\u00f1os <\/strong>en un partido frente a Los Andes correspondiente al campeonato de la B Nacional. Recientemente fue <strong>convocado para integrar el seleccionado Sub 20 argentino <\/strong>que\u00a0 disputo el Torneo Hexagonal de Paraguay donde cay\u00f3 en la final frente a Colombia.<\/p>\n<p>Villafa\u00f1ez es un volante ofensivo, derecho, de buen pie que<strong> suele moverse como enganche aunque tambi\u00e9n puede jugar como delantero<\/strong>, sin embargo su gran virtud es la facilidad con la cual encuentra los espacios libres en el campo de juego para desequilibrar con su gambeta y su velocidad.<\/p>\n","protected":false},"excerpt":{"rendered":"<p>El volante ofensivo, Lucas Mart\u00edn Villaf\u00e1\u00f1ez, s\u00e9ptimo refuerzo de Independiente \u2013lleg\u00f3 a pr\u00e9stamo y con una opci\u00f3n de compra de medio mill\u00f3n de d\u00f3lares-, se fractur\u00f3 el quinto metatarsiano del pie izquierdo en el encuentro de reserva frente a Quilmes disputado en Villa Dom\u00ednico el \u00faltimo domingo a las 14 horas. Si bien ya pasaron [&hellip;]<\/p>\n","protected":false},"author":1,"featured_media":0,"comment_status":"open","ping_status":"open","sticky":false,"template":"","format":"standard","meta":{"_links_to":"","_links_to_target":""},"categories":[3,1],"tags":[61],"_links":{"self":[{"href":"https:\/\/www.locoxelrojo.com\/independiente\/wp-json\/wp\/v2\/posts\/973"}],"collection":[{"href":"https:\/\/www.locoxelrojo.com\/independiente\/wp-json\/wp\/v2\/posts"}],"about":[{"href":"https:\/\/www.locoxelrojo.com\/independiente\/wp-json\/wp\/v2\/types\/post"}],"author":[{"embeddable":true,"href":"https:\/\/www.locoxelrojo.com\/independiente\/wp-json\/wp\/v2\/users\/1"}],"replies":[{"embeddable":true,"href":"https:\/\/www.locoxelrojo.com\/independiente\/wp-json\/wp\/v2\/comments?post=973"}],"version-history":[{"count":0,"href":"https:\/\/www.locoxelrojo.com\/independiente\/wp-json\/wp\/v2\/posts\/973\/revisions"}],"wp:attachment":[{"href":"https:\/\/www.locoxelrojo.com\/independiente\/wp-json\/wp\/v2\/media?parent=973"}],"wp:term":[{"taxonomy":"category","embeddable":true,"href":"https:\/\/www.locoxelrojo.com\/independiente\/wp-json\/wp\/v2\/categories?post=973"},{"taxonomy":"post_tag","embeddable":true,"href":"https:\/\/www.locoxelrojo.com\/independiente\/wp-json\/wp\/v2\/tags?post=973"}],"curies":[{"name":"wp","href":"https:\/\/api.w.org\/{rel}","templated":true}]}}